{"id":14055,"date":"2025-07-30T13:43:12","date_gmt":"2025-07-30T13:43:12","guid":{"rendered":"https:\/\/www.europesays.com\/es\/14055\/"},"modified":"2025-07-30T13:43:12","modified_gmt":"2025-07-30T13:43:12","slug":"donde-ver-las-delta-acuaridas-en-alicante","status":"publish","type":"post","link":"https:\/\/www.europesays.com\/es\/14055\/","title":{"rendered":"d\u00f3nde ver las Delta Acu\u00e1ridas en Alicante"},"content":{"rendered":"<p class=\"ft-text\">Cada verano, el cielo nocturno se convierte en un espect\u00e1culo fascinante gracias a las<strong> lluvias de meteoros<\/strong>. Una de las m\u00e1s destacadas del mes de julio es la <a href=\"https:\/\/astronomia.ign.es\/delta-acuaridas\" class=\"ft-link ft-link--decoration\" rel=\"nofollow noopener\" target=\"_blank\"><strong>lluvia de estrellas Delta Acu\u00e1ridas<\/strong><\/a>, un fen\u00f3meno astron\u00f3mico marcado en el calendario de los amantes del firmamento. Este a\u00f1o, la lluvia de meteoros alcanza su pico m\u00e1ximo durante la noche del <strong>30 al 31 de julio<\/strong>, y en la provincia de <strong>Alicante <\/strong>hay numerosos lugares ideales para disfrutar de este espect\u00e1culo natural con claridad y<strong> sin contaminaci\u00f3n lum\u00ednica.<\/strong><\/p>\n<p class=\"ft-text\">Las <strong>Delta Acu\u00e1ridas<\/strong> son una lluvia de meteoros que recibe su nombre de la<strong> constelaci\u00f3n de Acuario<\/strong>, desde donde parecen irradiar. Esta lluvia est\u00e1 asociada con los restos del cometa <strong>96P\/Machholz<\/strong>, y es conocida por sus meteoros r\u00e1pidos y brillantes, que dejan estelas largas en el cielo. Aunque su actividad se extiende desde mediados de julio hasta mediados de agosto, <strong>su punto \u00e1lgido se espera en la noche del 30 al 31 de julio<\/strong>, cuando se pueden llegar a ver <a href=\"https:\/\/www.informacion.es\/medio-ambiente\/2024\/08\/10\/perseidas-empieza-lluvia-estrellas-lagrimas-106690114.html\" class=\"ft-link ft-link--decoration\" rel=\"nofollow noopener\" target=\"_blank\"><strong>hasta 25 meteoros por hora<\/strong><\/a> en condiciones \u00f3ptimas.<\/p>\n<p>Una doble lluvia de estrellas<\/p>\n<p class=\"ft-text\">Lo m\u00e1s interesante de este a\u00f1o es que las Delta Acu\u00e1ridas <strong>coinciden con el inicio de las <\/strong><a href=\"https:\/\/www.informacion.es\/ocio\/planes\/2024\/08\/12\/perseidas-lluvia-estrellas-alicante-106928653.html\" class=\"ft-link ft-link--decoration\" rel=\"nofollow noopener\" target=\"_blank\"><strong>Perseidas<\/strong><\/a>, la lluvia de estrellas m\u00e1s conocidas del verano. Esto significa que <strong>habr\u00e1 m\u00e1s meteoros visibles en el cielo<\/strong>, lo que incrementa las posibilidades de observar una <strong>mayor cantidad de estrellas fugaces en una sola noche.<\/strong> Para aprovechar al m\u00e1ximo esta coincidencia, lo ideal es buscar zonas alejadas de la contaminaci\u00f3n lum\u00ednica y evitar noches con luna llena, aunque <strong>este a\u00f1o la fase lunar ser\u00e1 favorable para la observaci\u00f3n.<\/strong><\/p>\n<p><img decoding=\"async\" src=\"https:\/\/www.europesays.com\/es\/wp-content\/uploads\/2025\/07\/5f9e9786-8fa5-49a0-81d3-fad3faf7f678_alta-libre-aspect-ratio_default_0.jpg\" width=\"1200\" height=\"800\" alt=\"Cielo estrellado sobre un bosque.\" class=\"ft-helper-img-rd\" loading=\"lazy\" hasdataaida=\"true\"\/><\/p>\n<p class=\"ft-helper-fontColor-quaternary ft-helper-fontSize-body-S ft-helper-spacer-t-xxs\">Los mejores lugares para ver la lluvia de estrellas en Alicante.  \/ INFORMACI\u00d3N<\/p>\n<p>Los mejores lugares para ver las Delta Acu\u00e1ridas en Alicante<\/p>\n<p class=\"ft-text\">Si est\u00e1s en Alicante ciudad, hay varias ubicaciones accesibles donde puedes disfrutar del espect\u00e1culo. Las<a href=\"https:\/\/www.informacion.es\/ocio\/planes\/2025\/07\/26\/mejores-calas-alicante-recorrer-julio-dv-loc-5834495.html\" class=\"ft-link ft-link--decoration\" rel=\"nofollow noopener\" target=\"_blank\"> <\/a><a href=\"https:\/\/www.informacion.es\/ocio\/planes\/2025\/07\/26\/mejores-calas-alicante-recorrer-julio-dv-loc-5834495.html\" class=\"ft-link ft-link--decoration\" rel=\"nofollow noopener\" target=\"_blank\"><strong>calas del Cabo de las Huertas<\/strong><\/a> son una opci\u00f3n perfecta: tranquilas, con poca contaminaci\u00f3n lum\u00ednica y frente al mar. Tambi\u00e9n puedes acercarte a las inmediaciones del <strong>Castillo de Santa B\u00e1rbara<\/strong>, donde, si bien est\u00e1s en pleno centro urbano, puedes encontrar rincones menos iluminados. Otro lugar interesante es el <strong>parking cercano a la playa de Urbanova<\/strong>, un espacio amplio con buena visibilidad del cielo y relativamente alejado del n\u00facleo urbano.<\/p>\n<p>Ver la lluvia de estrellas desde Elche <\/p>\n<p class=\"ft-text\">En Elche, uno de los mejores lugares para observar la lluvia de estrellas es el <a href=\"https:\/\/www.informacion.es\/ocio\/planes\/2024\/04\/28\/ruta-senderismo-pantano-elche-dv-83144213.html\" class=\"ft-link ft-link--decoration\" rel=\"nofollow noopener\" target=\"_blank\"><strong>Pantano de Elche<\/strong><\/a>. Este enclave ofrece un cielo limpio y oscuro, perfecto para la observaci\u00f3n astron\u00f3mica. Lleva una silla o esterilla y prep\u00e1rate para una noche m\u00e1gica lejos del bullicio de la ciudad.<\/p>\n<p>Enclaves recomendados en Alcoy y Cocentaina<\/p>\n<p class=\"ft-text\">La zona de <strong>Alcoy<\/strong> es tambi\u00e9n un lugar privilegiado para disfrutar del firmamento. Uno de los mejores puntos de observaci\u00f3n es el <a href=\"https:\/\/www.alcoi.org\/es\/areas\/medi_ambient\/rutes\/arees_recreatives\/area_recreativa_0001.html\" class=\"ft-link ft-link--decoration\" rel=\"nofollow noopener\" target=\"_blank\"><strong>paraje de Sant Antoni<\/strong><\/a><a href=\"https:\/\/www.alcoi.org\/es\/areas\/medi_ambient\/rutes\/arees_recreatives\/area_recreativa_0001.html\" class=\"ft-link ft-link--decoration\" rel=\"nofollow noopener\" target=\"_blank\">, dentro del <\/a><a href=\"https:\/\/www.alcoi.org\/es\/areas\/medi_ambient\/rutes\/arees_recreatives\/area_recreativa_0001.html\" class=\"ft-link ft-link--decoration\" rel=\"nofollow noopener\" target=\"_blank\"><strong>Parque Natural de la Font Roja<\/strong><\/a>. All\u00ed podr\u00e1s ver la lluvia de estrellas en plena naturaleza, con m\u00ednimas interferencias de luz artificial. A pocos kil\u00f3metros, en <strong>Cocentaina<\/strong>, el <a href=\"https:\/\/www.informacion.es\/viajes\/2025\/02\/08\/castillos-bonitos-alicante-national-geographic-108240573.html\" class=\"ft-link ft-link--decoration\" rel=\"nofollow noopener\" target=\"_blank\"><strong>castillo<\/strong><\/a><strong> de Cocentaina<\/strong> ofrece una vista espectacular del cielo nocturno, adem\u00e1s de un entorno hist\u00f3rico que har\u00e1 la experiencia a\u00fan m\u00e1s especial.<\/p>\n<p><img decoding=\"async\" src=\"https:\/\/www.europesays.com\/es\/wp-content\/uploads\/2025\/07\/0d34af9a-2681-425e-b425-d17ec9df21b0_alta-libre-aspect-ratio_default_0.jpg\" width=\"1200\" height=\"900\" alt=\"Las placas solares instaladas en el centro social de Cocentaina\" class=\"ft-helper-img-rd\" loading=\"lazy\" hasdataaida=\"true\"\/><\/p>\n<p class=\"ft-helper-fontColor-quaternary ft-helper-fontSize-body-S ft-helper-spacer-t-xxs\">El castillo de Cocentaina al fondo, un lugar ideal para ver la lluvia de estrellas  \/ INFORMACI\u00d3N<\/p>\n<p>Lugares ideales en Torrevieja<\/p>\n<p class=\"ft-text\">En la zona sur de la provincia, <strong>Torrevieja<\/strong> cuenta con numerosos rincones junto al mar desde donde ver la lluvia de meteoros. Uno de los m\u00e1s destacados es el <strong>Parque Natural de las Lagunas de La Mata y Torrevieja<\/strong>, un espacio natural muy tranquilo que adem\u00e1s dispone de aparcamiento. Tambi\u00e9n puedes visitar la <strong>Cala de la Zorra<\/strong>, un lugar apartado y silencioso, ideal para contemplar el cielo estrellado mientras escuchas el sonido del mar.<\/p>\n<p>En el Alto y Medio Vinalop\u00f3<\/p>\n<p class=\"ft-text\">La comarca del Alto y Medio Vinalop\u00f3 es otra gran opci\u00f3n para observar las Delta Acu\u00e1ridas. El <strong>castillo de La Mola<\/strong>, en <strong>Novelda<\/strong>, y el <strong>castillo de Petrer<\/strong> son lugares elevados y con poca contaminaci\u00f3n lum\u00ednica. Si buscas una experiencia m\u00e1s natural, el <strong>paraje de Las Ca\u00f1adas<\/strong> en <strong>Elda<\/strong>, o la <strong>Sierra del Cid<\/strong>, entre Petrer y Monforte del Cid, ofrecen paisajes abiertos y cielos despejados para una noche de observaci\u00f3n perfecta.<\/p>\n<p>Consejos para disfrutar del espect\u00e1culo<\/p>\n<p class=\"ft-text\">Para observar correctamente las Delta Acu\u00e1ridas<strong> no se necesita telescopio<\/strong> ni equipo especial. Lo ideal es <strong>llevar una esterilla o tumbona y situarse en una zona elevada<\/strong> con <a href=\"https:\/\/www.informacion.es\/sociedad\/2018\/08\/11\/lluvia-perseidas-consejos-verlas-apogeo-5717516.html\" class=\"ft-link ft-link--decoration\" rel=\"nofollow noopener\" target=\"_blank\"><strong>buena visibilidad del cielo<\/strong><\/a>. Se recomienda mirar hacia el sureste, donde se sit\u00faa la constelaci\u00f3n de Acuario, desde donde parecen venir los meteoros. Hay que tener paciencia: los ojos necesitan unos 20 minutos para adaptarse a la oscuridad, y las mejores horas para ver las estrellas fugaces suelen ser <strong>entre las 2:00 y las 4:00 de la madrugada.<\/strong><\/p>\n<p>Y en agosto\u2026 llegan las Perseidas<\/p>\n<p class=\"ft-text\">Si por alguna raz\u00f3n no puedes disfrutar de las Delta Acu\u00e1ridas, <strong>las <\/strong><a href=\"https:\/\/www.informacion.es\/ocio\/planes\/2024\/08\/12\/perseidas-lluvia-estrellas-alicante-106928653.html\" class=\"ft-link ft-link--decoration\" rel=\"nofollow noopener\" target=\"_blank\"><strong>Perseidas<\/strong><\/a>, tambi\u00e9n conocidas como las l\u00e1grimas de San Lorenzo, llegar\u00e1n con fuerza en agosto. Su pico m\u00e1ximo se espera para las noches del <strong>12 y 13 de agosto<\/strong>, con hasta <strong>100 meteoros por hora<\/strong> en su punto \u00e1lgido.<\/p>\n","protected":false},"excerpt":{"rendered":"Cada verano, el cielo nocturno se convierte en un espect\u00e1culo fascinante gracias a las lluvias de meteoros. Una&hellip;\n","protected":false},"author":2,"featured_media":14056,"comment_status":"","ping_status":"","sticky":false,"template":"","format":"standard","meta":{"footnotes":""},"categories":[81],"tags":[4142,2206,119,123,124,8683,4141,3169,4482,25,24,782,1479,9515,721,3799,7385,117,121,122,23,118,120,809],"class_list":{"0":"post-14055","1":"post","2":"type-post","3":"status-publish","4":"format-standard","5":"has-post-thumbnail","7":"category-ciencia-y-tecnologia","8":"tag-acuaridas","9":"tag-alicante","10":"tag-ciencia","11":"tag-ciencia-y-tecnologia","12":"tag-cienciaytecnologia","13":"tag-dea","14":"tag-delta","15":"tag-donde","16":"tag-dv","17":"tag-es","18":"tag-espana","19":"tag-estrellas","20":"tag-lluvia","21":"tag-lluvia-de-estrellas","22":"tag-loc","23":"tag-ocio","24":"tag-perseidas","25":"tag-science","26":"tag-science-and-technology","27":"tag-scienceandtechnology","28":"tag-spain","29":"tag-technology","30":"tag-tecnologia","31":"tag-ver"},"share_on_mastodon":{"url":"","error":""},"_links":{"self":[{"href":"https:\/\/www.europesays.com\/es\/wp-json\/wp\/v2\/posts\/14055","targetHints":{"allow":["GET"]}}],"collection":[{"href":"https:\/\/www.europesays.com\/es\/wp-json\/wp\/v2\/posts"}],"about":[{"href":"https:\/\/www.europesays.com\/es\/wp-json\/wp\/v2\/types\/post"}],"author":[{"embeddable":true,"href":"https:\/\/www.europesays.com\/es\/wp-json\/wp\/v2\/users\/2"}],"replies":[{"embeddable":true,"href":"https:\/\/www.europesays.com\/es\/wp-json\/wp\/v2\/comments?post=14055"}],"version-history":[{"count":0,"href":"https:\/\/www.europesays.com\/es\/wp-json\/wp\/v2\/posts\/14055\/revisions"}],"wp:featuredmedia":[{"embeddable":true,"href":"https:\/\/www.europesays.com\/es\/wp-json\/wp\/v2\/media\/14056"}],"wp:attachment":[{"href":"https:\/\/www.europesays.com\/es\/wp-json\/wp\/v2\/media?parent=14055"}],"wp:term":[{"taxonomy":"category","embeddable":true,"href":"https:\/\/www.europesays.com\/es\/wp-json\/wp\/v2\/categories?post=14055"},{"taxonomy":"post_tag","embeddable":true,"href":"https:\/\/www.europesays.com\/es\/wp-json\/wp\/v2\/tags?post=14055"}],"curies":[{"name":"wp","href":"https:\/\/api.w.org\/{rel}","templated":true}]}}