{"id":140557,"date":"2025-09-26T17:22:11","date_gmt":"2025-09-26T17:22:11","guid":{"rendered":"https:\/\/www.europesays.com\/es\/140557\/"},"modified":"2025-09-26T17:22:11","modified_gmt":"2025-09-26T17:22:11","slug":"se-puso-casi-a-llorar","status":"publish","type":"post","link":"https:\/\/www.europesays.com\/es\/140557\/","title":{"rendered":"Se puso casi a llorar"},"content":{"rendered":"<p class=\"c-paragraph\">Este jueves, <b>Loquillo<\/b> ha visitado Y ahora Sonsoles, donde ha hecho un repaso de su carrera art\u00edstica. El cantante de rock and roll <b>ha recordado algunas an\u00e9cdotas,<\/b> entre ellas <b>la que vivi\u00f3 con Manolo Escobar en un aeropuerto.\u00a0<\/b><\/p>\n<p class=\"c-paragraph\">\u00abSoy hijo de un matriarcado porque <b>me criaron mi madre y mi t\u00eda Rosa<\/b>. Mi padre trabajaba en el puerto de Barcelona de estibador y trabajaba en horario nocturno. Entonces, cuando llegaba por la ma\u00f1ana dorm\u00eda, por lo que el silencio en casa era diario. En esa \u00e9poca, <b>Manolo Escobar era un h\u00e9roe para toda la inmigraci\u00f3n que ven\u00eda a Catalu\u00f1a\u00bb, <\/b>ha comentado Loquillo en el programa de Sonsoles \u00d3nega.\u00a0<\/p>\n<p class=\"c-paragraph\">Seg\u00fan ha explicado el artista, en aquella \u00e9poca <b>el almeriense \u00abpululaba por el barrio por razones personales\u00bb <\/b>y se dejaba ver. \u00abNo hab\u00eda triunfado a lo grande y <b>un d\u00eda mi madre me llevaba en brazos<\/b> y lo par\u00f3 y le dijo: <b>&#8216;Manolo, f\u00edrmale un aut\u00f3grafo a mi hijo\u00bb, <\/b>ha recordado el catal\u00e1n.\u00a0<\/p>\n<p class=\"c-paragraph\"><b>\u00ab\u00bfTe pusiste de rodillas delante de Manolo Escobar en un aeropuerto?\u00bb,<\/b> ha preguntad Sonsoles \u00d3nega, antes de que el invitado contara su encuentro con el int\u00e9rprete de Mi carro. \u00abS\u00ed, s\u00ed, s\u00ed. Es una manera de decirlo, pero s\u00ed, porque\u00a0<b>me emocion\u00e9 cuando lo vi<\/b>\u00a0y me acord\u00e9 de mi madre y de m\u00ed y le cont\u00e9 la historia. Son esas cosas que pasan y que son <b>c\u00edrculos que terminan cerr\u00e1ndose\u00bb<\/b>, ha explicado en Y ahora Sonsoles.<\/p>\n<p class=\"c-paragraph\">En una entrevista para\u00a0Vanity Fair, Loquillo <b>ha dado m\u00e1s detalles de ese encuentro:<\/b> \u00abEstoy un d\u00eda en el aeropuerto de El Prat y veo de lejos a un t\u00edo alto con una camiseta de AC\/DC que va con un se\u00f1or mayor al lado.\u00a0Yo soy miope astigm\u00e1tico as\u00ed que <b>no vi qui\u00e9n era el segundo\u00a0hasta que se acerc\u00f3 mucho,<\/b> y resulta que <b>era Manolo Escobar\u00bb<\/b>.<\/p>\n<p class=\"c-paragraph\">Seg\u00fan Loquillo, el acompa\u00f1ante de Escobar lo reconoci\u00f3 y <b>\u00abcuando estaba a cinco metros de Manolo\u00bb se arrodill\u00f3 en medio del aeropuerto<\/b>. \u00abEl pobre se qued\u00f3 de piedra. Nos sentamos y le dije: &#8216;No sabe lo que usted significa para m\u00ed, usted me firm\u00f3 un aut\u00f3grafo cuando iba en brazos de mi madre&#8217;. <b>Y se puso casi a llorar,\u00a0porque se acordaba del barrio\u00bb,<\/b> ha relatado el artista para la revista.\u00a0<\/p>\n","protected":false},"excerpt":{"rendered":"Este jueves, Loquillo ha visitado Y ahora Sonsoles, donde ha hecho un repaso de su carrera art\u00edstica. El&hellip;\n","protected":false},"author":2,"featured_media":140558,"comment_status":"","ping_status":"","sticky":false,"template":"","format":"standard","meta":{"footnotes":""},"categories":[170],"tags":[23835,24171,146,147,25,24,33025,184,185,7197,23,3271],"class_list":{"0":"post-140557","1":"post","2":"type-post","3":"status-publish","4":"format-standard","5":"has-post-thumbnail","7":"category-musica","8":"tag-anecdota","9":"tag-con","10":"tag-entertainment","11":"tag-entretenimiento","12":"tag-es","13":"tag-espana","14":"tag-loquillo","15":"tag-music","16":"tag-musica","17":"tag-recuerda","18":"tag-spain","19":"tag-su"},"share_on_mastodon":{"url":"","error":""},"_links":{"self":[{"href":"https:\/\/www.europesays.com\/es\/wp-json\/wp\/v2\/posts\/140557","targetHints":{"allow":["GET"]}}],"collection":[{"href":"https:\/\/www.europesays.com\/es\/wp-json\/wp\/v2\/posts"}],"about":[{"href":"https:\/\/www.europesays.com\/es\/wp-json\/wp\/v2\/types\/post"}],"author":[{"embeddable":true,"href":"https:\/\/www.europesays.com\/es\/wp-json\/wp\/v2\/users\/2"}],"replies":[{"embeddable":true,"href":"https:\/\/www.europesays.com\/es\/wp-json\/wp\/v2\/comments?post=140557"}],"version-history":[{"count":0,"href":"https:\/\/www.europesays.com\/es\/wp-json\/wp\/v2\/posts\/140557\/revisions"}],"wp:featuredmedia":[{"embeddable":true,"href":"https:\/\/www.europesays.com\/es\/wp-json\/wp\/v2\/media\/140558"}],"wp:attachment":[{"href":"https:\/\/www.europesays.com\/es\/wp-json\/wp\/v2\/media?parent=140557"}],"wp:term":[{"taxonomy":"category","embeddable":true,"href":"https:\/\/www.europesays.com\/es\/wp-json\/wp\/v2\/categories?post=140557"},{"taxonomy":"post_tag","embeddable":true,"href":"https:\/\/www.europesays.com\/es\/wp-json\/wp\/v2\/tags?post=140557"}],"curies":[{"name":"wp","href":"https:\/\/api.w.org\/{rel}","templated":true}]}}