{"id":140573,"date":"2025-09-26T17:30:06","date_gmt":"2025-09-26T17:30:06","guid":{"rendered":"https:\/\/www.europesays.com\/es\/140573\/"},"modified":"2025-09-26T17:30:06","modified_gmt":"2025-09-26T17:30:06","slug":"la-ciudad-se-suma-al-manifiesto-unitario-del-dia-de-las-personas-mayores-info-barcelona","status":"publish","type":"post","link":"https:\/\/www.europesays.com\/es\/140573\/","title":{"rendered":"La ciudad se suma al manifiesto unitario del D\u00eda de las Personas Mayores | Info Barcelona"},"content":{"rendered":"<p>El <a href=\"https:\/\/ajuntament.barcelona.cat\/es\/accion-de-gobierno\/sesiones\/consejo-municipal\/plenario-del-consejo-municipal-sesion-ordinaria-del-mes-de-septiembre-2025\" target=\"_blank\" rel=\"noopener nofollow\">Plenario del Consejo Municipal<\/a>\u00a0se ha adherido al <strong>manifiesto unitario \u201cPor una sociedad libre de edadismo\u201d, del D\u00eda Internacional de las Personas Mayores<\/strong>, que se leer\u00e1 el 1 de octubre en la plaza de Sant Jaume. Esta celebraci\u00f3n se lleva a cabo desde el a\u00f1o 1990, cuando la ONU estableci\u00f3 esta fecha para garantizar el bienestar de las personas mayores y promover su participaci\u00f3n en la sociedad.<\/p>\n<p>En una declaraci\u00f3n institucional se ha acordado <strong>ratificar el compromiso de Barcelona como ciudad amigable con las personas mayores y con sus derechos<\/strong>:<\/p>\n<p>El Ayuntamiento de Barcelona manifiesta:<\/p>\n<p>Primero. Ratificar nuestro compromiso como <strong>ciudad amigable con las personas mayores<\/strong> y con sus derechos.<\/p>\n<p>Segundo. Apoyar y manifestar nuestra <strong>adhesi\u00f3n a este manifiesto unitario<\/strong>, que dice:<\/p>\n<p>Hoy las personas mayores alzamos la voz para exigir una sociedad que nos respete, nos valore y nos incluya sin que nuestra edad se convierta en motivo de discriminaci\u00f3n o exclusi\u00f3n. Somos depositarias de experiencia, conocimiento y memoria, y, sin embargo, a menudo somos invisibilizadas, despreciadas o reducidas a estereotipos injustos que no reflejan nuestra realidad. Hay que denunciar y combatir el edadismo, una forma de discriminaci\u00f3n silenciosa, pero profundamente arraigada que se alimenta de prejuicios y simplificaciones. Estos estereotipos ignoran la diversidad de experiencias y maneras de envejecer, e imponen un criterio \u00fanico y excluyente. Las mujeres mayores son las m\u00e1s afectadas, ya que sufren una doble discriminaci\u00f3n: en raz\u00f3n de edad y de g\u00e9nero, lo que agrava la exclusi\u00f3n social. El edadismo se manifiesta en todos los \u00e1mbitos y de muchas maneras: cuando se nos excluye del mundo laboral, cuando se nos niega la capacidad de decidir, cuando los medios de comunicaci\u00f3n nos retratan como d\u00e9biles o dependientes o cuando se nos trata con condescendencia y cuando se utiliza como argumento para desarrollar pol\u00edticas y pr\u00e1cticas discriminatorias sin tener en cuenta nuestra opini\u00f3n. Estas actitudes no solo nos afectan personalmente, sino que tambi\u00e9n empobrecen la sociedad, sin reflejar la riqueza de la diversidad generacional. Hay que erradicar el edadismo para promover la igualdad y la justicia en todas las etapas de la vida. Y tambi\u00e9n deben promoverse pol\u00edticas y leyes que nos protejan contra la discriminaci\u00f3n basada en la edad, y fomentar la inclusi\u00f3n y el respeto mutuo entre las diferentes generaciones. Rechazamos cualquier intento de generar confrontaci\u00f3n entre j\u00f3venes y mayores. El futuro se construye desde el di\u00e1logo, el respeto mutuo y la colaboraci\u00f3n entre todas las generaciones.<\/p>\n<p>El conflicto entre edades es una falacia que divide, mientras que la convivencia y la solidaridad intergeneracional fortalecen el tejido social y democr\u00e1tico. Por eso hacemos un llamamiento a toda la sociedad \u2014instituciones, entidades, empresas, medios y ciudadan\u00eda\u2014 para lo siguiente:<\/p>\n<p>\u2013 <strong>Reconocer la dignidad en todas las edades<\/strong>. Valorar la aportaci\u00f3n de las personas mayores, por lo que han hecho y por lo que todav\u00eda pueden ofrecer.<\/p>\n<p>\u2013 <strong>Implementar pol\u00edticas p\u00fablicas que aseguren la igualdad y la participaci\u00f3n<\/strong>, que garanticen derechos y oportunidades en todos los \u00e1mbitos de la vida, que fomenten el envejecimiento activo y combatan la exclusi\u00f3n.<\/p>\n<p>\u2013 <strong>Transformar el relato social<\/strong>. Romper con los estereotipos en los medios de comunicaci\u00f3n, que tienen un papel importante en la construcci\u00f3n social, y para ofrecer im\u00e1genes justas y diversas de la vejez.<\/p>\n<p>\u2013 <strong>Educaci\u00f3n inclusiva<\/strong>. Incorporar en la educaci\u00f3n contenidos que ayuden a identificar y eliminar el edadismo, y fomentar, as\u00ed, el respeto y la convivencia desde peque\u00f1os.<\/p>\n<p>\u2013 <strong>Impulsar el di\u00e1logo intergeneracional<\/strong>. Crear espacios de encuentro e intercambio para compartir conocimientos, valores y experiencias, y para romper prejuicios y construir puentes.<\/p>\n<p>\u2013 <strong>Fomentar la cultura de la paz<\/strong>. En un mundo marcado por conflictos armados y crisis humanitarias, donde las personas mayores a menudo son las m\u00e1s vulnerables y olvidadas, hay que promover una sociedad basada en el respeto, la empat\u00eda, el di\u00e1logo y la resoluci\u00f3n pac\u00edfica de los conflictos.<\/p>\n<p>\u2013 <strong>Valores democr\u00e1ticos<\/strong>. Fortalecer la democracia desde el compromiso activo y la inclusi\u00f3n de todas las edades para conseguir una sociedad m\u00e1s justa que no recorte derechos ni gasto social. Queremos envejecer con dignidad, no con miedo. Somos una parte activa de la sociedad, somos art\u00edfices de nuestra vida y un grupo social con identidad y derechos compartidos. Porque el valor de una persona no disminuye con la edad, y porque una sociedad justa y madura es aquella que no deja a nadie atr\u00e1s. Nuestra sociedad ser\u00e1 realmente justa solo cuando sea inclusiva para todo el mundo y libre de discriminaci\u00f3n por la edad.<\/p>\n","protected":false},"excerpt":{"rendered":"El Plenario del Consejo Municipal\u00a0se ha adherido al manifiesto unitario \u201cPor una sociedad libre de edadismo\u201d, del D\u00eda&hellip;\n","protected":false},"author":2,"featured_media":140574,"comment_status":"","ping_status":"","sticky":false,"template":"","format":"standard","meta":{"footnotes":""},"categories":[8],"tags":[17,18,25,24,13,14,11,8408,19,20,9,10,15,16,23,12,21,22],"class_list":{"0":"post-140573","1":"post","2":"type-post","3":"status-publish","4":"format-standard","5":"has-post-thumbnail","7":"category-espana","8":"tag-breaking-news","9":"tag-breakingnews","10":"tag-es","11":"tag-espana","12":"tag-featured-news","13":"tag-featurednews","14":"tag-headlines","15":"tag-info-barcelona","16":"tag-latest-news","17":"tag-latestnews","18":"tag-news","19":"tag-noticias","20":"tag-noticias-destacadas","21":"tag-noticiasdestacadas","22":"tag-spain","23":"tag-titulares","24":"tag-ultimas-noticias","25":"tag-ultimasnoticias"},"share_on_mastodon":{"url":"","error":""},"_links":{"self":[{"href":"https:\/\/www.europesays.com\/es\/wp-json\/wp\/v2\/posts\/140573","targetHints":{"allow":["GET"]}}],"collection":[{"href":"https:\/\/www.europesays.com\/es\/wp-json\/wp\/v2\/posts"}],"about":[{"href":"https:\/\/www.europesays.com\/es\/wp-json\/wp\/v2\/types\/post"}],"author":[{"embeddable":true,"href":"https:\/\/www.europesays.com\/es\/wp-json\/wp\/v2\/users\/2"}],"replies":[{"embeddable":true,"href":"https:\/\/www.europesays.com\/es\/wp-json\/wp\/v2\/comments?post=140573"}],"version-history":[{"count":0,"href":"https:\/\/www.europesays.com\/es\/wp-json\/wp\/v2\/posts\/140573\/revisions"}],"wp:featuredmedia":[{"embeddable":true,"href":"https:\/\/www.europesays.com\/es\/wp-json\/wp\/v2\/media\/140574"}],"wp:attachment":[{"href":"https:\/\/www.europesays.com\/es\/wp-json\/wp\/v2\/media?parent=140573"}],"wp:term":[{"taxonomy":"category","embeddable":true,"href":"https:\/\/www.europesays.com\/es\/wp-json\/wp\/v2\/categories?post=140573"},{"taxonomy":"post_tag","embeddable":true,"href":"https:\/\/www.europesays.com\/es\/wp-json\/wp\/v2\/tags?post=140573"}],"curies":[{"name":"wp","href":"https:\/\/api.w.org\/{rel}","templated":true}]}}