{"id":140588,"date":"2025-09-26T17:39:12","date_gmt":"2025-09-26T17:39:12","guid":{"rendered":"https:\/\/www.europesays.com\/es\/140588\/"},"modified":"2025-09-26T17:39:12","modified_gmt":"2025-09-26T17:39:12","slug":"en-la-primera-jornada-lo-importante-es-ganar","status":"publish","type":"post","link":"https:\/\/www.europesays.com\/es\/140588\/","title":{"rendered":"\u00abEn la primera jornada lo importante es ganar\u00bb"},"content":{"rendered":"<p>Se acab\u00f3 la pretemporada. Arranca lo bueno, la liga regular en la Primera FEB. Los partidos Grupo Ureta Tizona Burgos-Melilla Ciudad del Deporte y Alimerka Oviedo Baloncesto-Movistar Estudiantes descorchan hoy la botella de champ\u00e1n. Los equipos empiezan desde ya a buscar sus respectivos objetivos.<\/p>\n<p>El S\u00faper Agropal Palencia inicia su camino el domingo en Inca (Mallorca) ante el Palmer Basket de Marco Justo, un viejo conocido en el pabell\u00f3n. Natxo Lezkano, t\u00e9cnico colegial, advierte que el balear es un equipo que \u00abconserva un n\u00facleo relevante de jugadores, muchos nacionales, algo muy importante en esta categor\u00eda, igual que el entrenador. Como todos los equipos reci\u00e9n ascendidos, es especialmente peligroso en cuanto a que llega con esa inercia que arrastra de la temporada pasada. Entiendo que tendr\u00e1n especiales ganas de debutar en la categor\u00eda, con esa confianza que te da el haber ascendido. Ante un rival como nosotros, ellos tienen mucho que ganar. Todos los rivales son peligrosos y cuando juegas fuera de casa un punto m\u00e1s. Hay que ir con especial respeto a todas estas circunstancias, al equipo y a c\u00f3mo juega. Han hecho un muy buen juego durante toda la pretemporada, siendo muy competitivos, y ahora que empieza lo bueno lo van a seguir siendo seguro\u00bb.<\/p>\n<p>El conjunto morado llega a la primera jornada de liga despu\u00e9s de hacer una pretemporada notable, en la que solo ha perdido un partido, no exenta de problemas f\u00edsicos que se mantienen para la visita al Palmer Basket. \u00abNo nos han abandonado. Seguimos con algunos problemas en algunos jugadores. No s\u00e9 si van a llegar todos, pero tenemos un n\u00famero suficiente como para afrontar el partido con garant\u00edas\u00bb, comenta Lezkano. Uno de los tocados es \u00c1lvaro Mu\u00f1oz, que \u00abest\u00e1 entre algodones\u00bb. El temporal Pablo Hern\u00e1ndez \u00abes uno m\u00e1s\u00bb. Con todo ello, \u00abvamos a ver qui\u00e9n forma parte de la convocatoria. De momento no tenemos todos los nombres claros\u00bb, asegura.<\/p>\n<p>Para el debut liguero, el entrenador vasco prioriza el contenido, no la forma. \u00abEs muy importante empezar ganando. No tanto jugar bien, que es algo que perseguimos como objetivo claro, el llegar a tener un juego muy s\u00f3lido para que, a lo largo de una liga regular, te permita ganar. Pero est\u00e1 claro que ganar es especialmente importante en la jornada 1\u00bb, expresa.<\/p>\n<p>En una liga que se prev\u00e9 muy igualada, todos los triunfos cuentan y mucho. Y todos \u00ablo mismo\u00bb. \u00abCuando ya sabes qui\u00e9nes son tus rivales directos cuentan m\u00e1s, pero ahora que empezamos, todos los encuentros suman y a muchos niveles. La jornada 1 es especialmente complicada siempre para todo el mundo porque te da esa confianza y tranquilidad si ganas y si pierdes te entra un poquito de canguelo y dudas. En cualquier torneo y deporte es muy importante empezar bien y eso es lo que buscamos\u00bb.<\/p>\n<p>El entrenador quiere mantener las l\u00edneas generales de la pretemporada. \u00abEstamos lejos de nuestra mejor versi\u00f3n, pero vamos a intentar ser un equipo con unas caracter\u00edsticas determinadas que son las que hab\u00e9is visto. Nos falta que todo el mundo est\u00e9 al cien por cien y que luego los conceptos vayan quedando totalmente claros, algo que a estas alturas es complicado y m\u00e1s con la pretemporada tan accidentada que hemos tenido. Poco a poco iremos teniendo una mejor versi\u00f3n, nos conoceremos mejor, habr\u00e1 m\u00e1s complicidad entre los compa\u00f1eros e iremos creciendo\u00bb.<\/p>\n","protected":false},"excerpt":{"rendered":"Se acab\u00f3 la pretemporada. Arranca lo bueno, la liga regular en la Primera FEB. Los partidos Grupo Ureta&hellip;\n","protected":false},"author":2,"featured_media":140589,"comment_status":"","ping_status":"","sticky":false,"template":"","format":"standard","meta":{"footnotes":""},"categories":[269],"tags":[299,298,168,25,24,2457,43826,3917,23,167,3922],"class_list":{"0":"post-140588","1":"post","2":"type-post","3":"status-publish","4":"format-standard","5":"has-post-thumbnail","7":"category-baloncesto","8":"tag-baloncesto","9":"tag-basketball","10":"tag-deportes","11":"tag-es","12":"tag-espana","13":"tag-mallorca","14":"tag-pablo-hernandez","15":"tag-primera-feb","16":"tag-spain","17":"tag-sports","18":"tag-zunder-palencia"},"share_on_mastodon":{"url":"","error":""},"_links":{"self":[{"href":"https:\/\/www.europesays.com\/es\/wp-json\/wp\/v2\/posts\/140588","targetHints":{"allow":["GET"]}}],"collection":[{"href":"https:\/\/www.europesays.com\/es\/wp-json\/wp\/v2\/posts"}],"about":[{"href":"https:\/\/www.europesays.com\/es\/wp-json\/wp\/v2\/types\/post"}],"author":[{"embeddable":true,"href":"https:\/\/www.europesays.com\/es\/wp-json\/wp\/v2\/users\/2"}],"replies":[{"embeddable":true,"href":"https:\/\/www.europesays.com\/es\/wp-json\/wp\/v2\/comments?post=140588"}],"version-history":[{"count":0,"href":"https:\/\/www.europesays.com\/es\/wp-json\/wp\/v2\/posts\/140588\/revisions"}],"wp:featuredmedia":[{"embeddable":true,"href":"https:\/\/www.europesays.com\/es\/wp-json\/wp\/v2\/media\/140589"}],"wp:attachment":[{"href":"https:\/\/www.europesays.com\/es\/wp-json\/wp\/v2\/media?parent=140588"}],"wp:term":[{"taxonomy":"category","embeddable":true,"href":"https:\/\/www.europesays.com\/es\/wp-json\/wp\/v2\/categories?post=140588"},{"taxonomy":"post_tag","embeddable":true,"href":"https:\/\/www.europesays.com\/es\/wp-json\/wp\/v2\/tags?post=140588"}],"curies":[{"name":"wp","href":"https:\/\/api.w.org\/{rel}","templated":true}]}}