{"id":140594,"date":"2025-09-26T17:43:12","date_gmt":"2025-09-26T17:43:12","guid":{"rendered":"https:\/\/www.europesays.com\/es\/140594\/"},"modified":"2025-09-26T17:43:12","modified_gmt":"2025-09-26T17:43:12","slug":"el-tratadista-militar-adelantado-a-su-tiempo","status":"publish","type":"post","link":"https:\/\/www.europesays.com\/es\/140594\/","title":{"rendered":"el tratadista militar adelantado a su tiempo"},"content":{"rendered":"<p class=\"ft-text\">El cangu\u00e9s <strong>Ovidio Fern\u00e1ndez Arbas<\/strong>, doctor por la Universidad de Oviedo e investigador centrado en la historia de la salud ocupacional acaba de presentar en su concejo su libro <strong>\u201cAcero mal templado\u201d<\/strong>, en el que analiza los escritos militares del autor cangu\u00e9s y m\u00e9dico militar <strong>Mario G\u00f3mez (1872-1932),<\/strong> que han pasado desapercibidos a lo largo de la historia.<\/p>\n<p class=\"ft-text\"><strong>Mario G\u00f3mez<\/strong> es reconocido en su tierra por las numerosas iniciativas culturales que desarroll\u00f3, as\u00ed como por sus escritos y obras literarias m\u00e1s vinculados con el municipio, sin embargo, durante la<strong> primera d\u00e9cada del siglo XX<\/strong> escribi\u00f3 una trilog\u00eda castrense compuesta por los t\u00edtulos <strong>\u201cSeiscientos sesenta y cinco reclutas\u201d\u00a0(1903),\u00a0\u201cRecluta y reclutamiento\u201d\u00a0(1908) y\u00a0\u201cReclutamiento militar\u201d\u00a0(1910);<\/strong> que pasaron desapercibidas en su \u00e9poca y a lo largo de la historia y que seg\u00fan el investigador Ovidio Fern\u00e1ndez Arbas \u201c<strong>son obras que est\u00e1n a la altura de los grandes pensadores y tratadistas militares espa\u00f1oles\u201d. <\/strong><\/p>\n<p><img decoding=\"async\" src=\"https:\/\/www.europesays.com\/es\/wp-content\/uploads\/2025\/09\/89d3d1f1-f5cd-436c-8c77-ea36247b820b_alta-libre-aspect-ratio_default_0.jpg\" width=\"1200\" height=\"1600\" alt=\"Ovidio Fern\u00e1ndez con su libro &quot;Acero mal templado&quot;.\" class=\"ft-helper-img-rd\" loading=\"lazy\" hasdataaida=\"true\"\/><\/p>\n<p class=\"ft-helper-fontColor-quaternary ft-helper-fontSize-body-S ft-helper-spacer-t-xxs\">Ovidio Fern\u00e1ndez con su libro \u00abAcero mal templado\u00bb.  \/ R. D. \u00c1.<\/p>\n<p class=\"ft-text\">En <strong>\u201cAcero mal templado\u201d<\/strong>, Fern\u00e1ndez desmenuza los textos de G\u00f3mez y destaca la modernidad de su enfoque, ya que analiza cient\u00edficamente c\u00f3mo se puede mejorar tanto el reclutamiento como la propia conversi\u00f3n del recluta en soldado. \u201c<strong>Por primera vez introduce la racionalizaci\u00f3n en la instrucci\u00f3n y en el propio reclutamiento, <\/strong>incorporando disciplinas como la ergonom\u00eda, la fisiolog\u00eda o la psicolog\u00eda militar, aspectos que hasta la fecha hab\u00edan sido muy escasamente tratados\u201d, se\u00f1ala, y a\u00f1ade que \u201cen Espa\u00f1a, se adelanta incluso a lo que poco despu\u00e9s ser\u00edan los planteamientos de la <strong>Organizaci\u00f3n Cient\u00edfica del Trabajo<\/strong>\u201d.<\/p>\n<p class=\"ft-text\">Para Ovidio Fern\u00e1ndez, la riqueza de los textos de G\u00f3mez no reside solo en su valor t\u00e9cnico, sino en la humanidad que los atraviesa y la aportaci\u00f3n que realizan a la <strong>historia social de esa \u00e9poca. <\/strong>\u201cSin pretenderlo nos retrata el universo del que ven\u00edan los reclutas, estudiaba las procedencias socioprofesionales de cada uno, haciendo un retrato muy vivo de las condiciones previas que ten\u00edan\u201d. Unos estudios que al m\u00e9dico militar cangu\u00e9s le serv\u00edan para intentar facilitar la integraci\u00f3n en la vida militar de los reclutas, pero que de paso han dejado constancia de aspectos sociol\u00f3gicos \u201cmuy ricos\u201d, creando un <strong>\u201cretrato muy amplio de la \u00e9poca, de las clases populares\u201d<\/strong>.<\/p>\n<p><img decoding=\"async\" src=\"https:\/\/www.europesays.com\/es\/wp-content\/uploads\/2025\/09\/e6bd1a4a-3486-41b3-b5e5-a8d0c193c463_alta-libre-aspect-ratio_default_0.jpg\" width=\"1200\" height=\"1600\" alt=\"Un momento de la firma del libro &quot;Acero mal templado&quot;.\" class=\"ft-helper-img-rd\" loading=\"lazy\" hasdataaida=\"true\"\/><\/p>\n<p class=\"ft-helper-fontColor-quaternary ft-helper-fontSize-body-S ft-helper-spacer-t-xxs\">Un momento de la firma del libro \u00abAcero mal templado\u00bb.  \/ R. D. \u00c1.<\/p>\n<p class=\"ft-text\">Ovidio Fern\u00e1ndez asegura que la <strong>historiograf\u00eda militar<\/strong> \u201cjam\u00e1s conoci\u00f3 estas grandes obras de Mario G\u00f3mez y eso es una tristeza, por eso lo que pretendo con este libro es hacer valer su derecho a que su nombre figure con grandes letras dentro de la historiograf\u00eda militar\u201d.<\/p>\n<p class=\"ft-text\">De hecho, Fern\u00e1ndez defiende que <strong>\u201cMario G\u00f3mez tendr\u00eda que figurar entre los grandes tratadistas militares asturianos, despu\u00e9s del Marqu\u00e9s de Santa Cruz\u201d. <\/strong><\/p>\n<p class=\"ft-text\">El libro, patronado la asociaci\u00f3n cultural <strong>\u201cTous pa tous. Sociedad canguesa de amantes del pa\u00eds<\/strong>\u201d, se present\u00f3 por primera vez este jueves, en Cangas de Narcea, en el espacio cultural de la librer\u00eda Treito, con \u00e9xito de p\u00fablico.<\/p>\n","protected":false},"excerpt":{"rendered":"El cangu\u00e9s Ovidio Fern\u00e1ndez Arbas, doctor por la Universidad de Oviedo e investigador centrado en la historia de&hellip;\n","protected":false},"author":2,"featured_media":140595,"comment_status":"","ping_status":"","sticky":false,"template":"","format":"standard","meta":{"footnotes":""},"categories":[172],"tags":[30126,224,146,147,25,24,448,1496,225,4627,23480,474,6964,23,21324,22637],"class_list":{"0":"post-140594","1":"post","2":"type-post","3":"status-publish","4":"format-standard","5":"has-post-thumbnail","7":"category-libros","8":"tag-acero","9":"tag-books","10":"tag-entertainment","11":"tag-entretenimiento","12":"tag-es","13":"tag-espana","14":"tag-historia","15":"tag-libro","16":"tag-libros","17":"tag-mal","18":"tag-militares","19":"tag-obras","20":"tag-rescata","21":"tag-spain","22":"tag-templado","23":"tag-tous"},"share_on_mastodon":{"url":"","error":""},"_links":{"self":[{"href":"https:\/\/www.europesays.com\/es\/wp-json\/wp\/v2\/posts\/140594","targetHints":{"allow":["GET"]}}],"collection":[{"href":"https:\/\/www.europesays.com\/es\/wp-json\/wp\/v2\/posts"}],"about":[{"href":"https:\/\/www.europesays.com\/es\/wp-json\/wp\/v2\/types\/post"}],"author":[{"embeddable":true,"href":"https:\/\/www.europesays.com\/es\/wp-json\/wp\/v2\/users\/2"}],"replies":[{"embeddable":true,"href":"https:\/\/www.europesays.com\/es\/wp-json\/wp\/v2\/comments?post=140594"}],"version-history":[{"count":0,"href":"https:\/\/www.europesays.com\/es\/wp-json\/wp\/v2\/posts\/140594\/revisions"}],"wp:featuredmedia":[{"embeddable":true,"href":"https:\/\/www.europesays.com\/es\/wp-json\/wp\/v2\/media\/140595"}],"wp:attachment":[{"href":"https:\/\/www.europesays.com\/es\/wp-json\/wp\/v2\/media?parent=140594"}],"wp:term":[{"taxonomy":"category","embeddable":true,"href":"https:\/\/www.europesays.com\/es\/wp-json\/wp\/v2\/categories?post=140594"},{"taxonomy":"post_tag","embeddable":true,"href":"https:\/\/www.europesays.com\/es\/wp-json\/wp\/v2\/tags?post=140594"}],"curies":[{"name":"wp","href":"https:\/\/api.w.org\/{rel}","templated":true}]}}