{"id":140606,"date":"2025-09-26T17:52:09","date_gmt":"2025-09-26T17:52:09","guid":{"rendered":"https:\/\/www.europesays.com\/es\/140606\/"},"modified":"2025-09-26T17:52:09","modified_gmt":"2025-09-26T17:52:09","slug":"trump-espera-mas-inculpaciones-contra-sus-enemigos-tras-la-del-exjefe-del-fbi-comey","status":"publish","type":"post","link":"https:\/\/www.europesays.com\/es\/140606\/","title":{"rendered":"Trump espera m\u00e1s inculpaciones contra sus enemigos tras la del exjefe del FBI Comey"},"content":{"rendered":"<p>    <img src=\"https:\/\/www.europesays.com\/es\/wp-content\/uploads\/2025\/09\/2025-09-26T163A363A48Z-90074297.jpg\" width=\"1024\" height=\"682\" alt=\"\" loading=\"eager\" decoding=\"sync\" fetchpriority=\"high\"\/><\/p>\n<p>            afp_tickers        <\/p>\n<p>        Este contenido fue publicado en    <\/p>\n<p>        26 septiembre 2025 &#8211; 18:36\n<\/p>\n<p>El presidente de Estados Unidos, Donald Trump, se mostr\u00f3 el viernes esperanzado en que m\u00e1s de sus detractores se enfrenten a la justicia, tras la acusaci\u00f3n formal contra el exjefe del FBI James Comey, a quien calific\u00f3 de \u00abpolic\u00eda corrupto\u00bb.<\/p>\n<p>Los comentarios del republicano son un paso m\u00e1s en su campa\u00f1a para exigir represalias contra los que considera sus enemigos pol\u00edticos.<\/p>\n<p>\u00abFrancamente, espero que haya otros\u00bb, espet\u00f3 Trump a los periodistas en la Casa Blanca cuando le preguntaron sobre Comey. El exdirector del FBI, cr\u00edtico de Trump fue acusado el jueves de falso testimonio y obstrucci\u00f3n de la justicia en relaci\u00f3n con la investigaci\u00f3n que llev\u00f3 a cabo para determinar si Rusia interfiri\u00f3 en las elecciones de 2016 y sobre si miembros del equipo de campa\u00f1a del republicano hab\u00edan coludido.\u00a0<\/p>\n<p>\u00abNo es venganza. Tambi\u00e9n se trata del hecho de que no se puede dejar que esto contin\u00fae\u00bb, dijo Trump. \u00a0<\/p>\n<p>Los presidentes estadounidenses hist\u00f3ricamente se han esforzado para mostrar, al menos en p\u00fablico, una clara separaci\u00f3n entre la Casa Blanca y el Departamento de Justicia, una tradici\u00f3n que Trump est\u00e1 rompiendo.\u00a0<\/p>\n<p>\u00abEs un polic\u00eda corrupto, y siempre lo ha sido\u00bb, por lo que \u00ab\u00a1deber\u00e1 pagar un precio muy alto!\u00bb, afirm\u00f3 Trump m\u00e1s temprano en su plataforma Truth Social, donde declar\u00f3 culpable a Comey.<\/p>\n<p>Los cargos en su contra fueron presentados pocos d\u00edas despu\u00e9s de que el presidente exigiera p\u00fablicamente a la fiscal general, Pam Bondi, que tomara medidas contra adversarios pol\u00edticos.\u00a0<\/p>\n<p>Entre los enemigos se\u00f1alados por Trump se encuentran la fiscal del estado de Nueva York Leticia James, art\u00edfice de una demanda civil por fraude contra el presidente, y el senador de California Adam Schiff, responsable de dirigir en 2019 el primero de los juicios pol\u00edticos de los que ha salido airoso el republicano.\u00a0<\/p>\n<p>Preguntado sobre qui\u00e9n ser\u00eda el siguiente en ser procesado, Trump respondi\u00f3: \u00abNo es una lista, pero creo que habr\u00e1 otros\u00bb.\u00a0<\/p>\n<p>Desde que asumi\u00f3 el cargo en enero, Trump, el primer mandatario en ejercicio de Estados Unidos condenado penalmente, ha tomado una serie de medidas punitivas contra sus enemigos y oponentes pol\u00edticos.\u00a0<\/p>\n<p>El director actual del FBI, Kash Patel, neg\u00f3 el viernes las acusaciones de los dem\u00f3cratas de que los cargos contra Comey tuvieran motivaciones pol\u00edticas: \u00abLas acusaciones totalmente falsas que atacan al FBI por la politizaci\u00f3n de la aplicaci\u00f3n de la ley provienen de los mismos medios de comunicaci\u00f3n en bancarrota que vendieron al mundo el Russia Gate: es hipocres\u00eda en estado puro\u00bb, public\u00f3 Patel en X.<\/p>\n<p>\u2013 Cinco a\u00f1os de c\u00e1rcel \u2013<\/p>\n<p>Si es declarado culpable, Comey se enfrenta hasta cinco a\u00f1os de prisi\u00f3n, seg\u00fan la fiscal federal que present\u00f3 los cargos, Lindsey Halligan, exabogada personal del mandatario y designada por Trump pese a no tener experiencia en la fiscal\u00eda.<\/p>\n<p>Halligan ocup\u00f3 la plaza de Erik Siebert, quien dimiti\u00f3 hace pocos d\u00edas como fiscal federal del distrito Este de Virginia bajo presi\u00f3n de Trump tras informar al Departamento de Justicia que no hab\u00eda pruebas suficientes para acusar a Comey o a la fiscal general de Nueva York, Letitia James.\u00a0<\/p>\n<p>\u00abNo tengo miedo\u00bb, dijo el exdirector del FBI en un video subido a Instagram, en el que tambi\u00e9n neg\u00f3 haber cometido cualquier irregularidad.<\/p>\n<p>Desde que inici\u00f3 el segundo mandato de Trump, Comey se ha destacado por sus cr\u00edticas a lo que considera una instrumentalizaci\u00f3n del sistema judicial por parte del republicano para obtener beneficio pol\u00edtico.<\/p>\n<p>La tensa relaci\u00f3n entre ambos se remonta a los primeros d\u00edas del primer mandato de Trump (2017-2021), cuando Comey fue cesado como director del mientras investigaba si alg\u00fan colaborador del presidente republicano hab\u00eda coludido con Mosc\u00fa para influir en las elecciones presidenciales de 2016.\u00a0<\/p>\n<p>El mandatario ha amenazado con vengarse de todos aquellos que participaron en esta investigaci\u00f3n, que seg\u00fan los jefes de inteligencia del republicano tuvieron motivaciones pol\u00edticas.\u00a0<\/p>\n<p>sms\/md\/dga\/mel<\/p>\n","protected":false},"excerpt":{"rendered":"afp_tickers Este contenido fue publicado en 26 septiembre 2025 &#8211; 18:36 El presidente de Estados Unidos, Donald Trump,&hellip;\n","protected":false},"author":2,"featured_media":140607,"comment_status":"","ping_status":"","sticky":false,"template":"","format":"standard","meta":{"footnotes":""},"categories":[42],"tags":[17,18,13,14,11,61,62,63,64,19,20,7657,9,10,15,16,90,12,21,22,65,66,67],"class_list":{"0":"post-140606","1":"post","2":"type-post","3":"status-publish","4":"format-standard","5":"has-post-thumbnail","7":"category-internacional","8":"tag-breaking-news","9":"tag-breakingnews","10":"tag-featured-news","11":"tag-featurednews","12":"tag-headlines","13":"tag-internacional","14":"tag-international","15":"tag-international-news","16":"tag-internationalnews","17":"tag-latest-news","18":"tag-latestnews","19":"tag-law-and-order","20":"tag-news","21":"tag-noticias","22":"tag-noticias-destacadas","23":"tag-noticiasdestacadas","24":"tag-ticker","25":"tag-titulares","26":"tag-ultimas-noticias","27":"tag-ultimasnoticias","28":"tag-world","29":"tag-world-news","30":"tag-worldnews"},"share_on_mastodon":{"url":"","error":""},"_links":{"self":[{"href":"https:\/\/www.europesays.com\/es\/wp-json\/wp\/v2\/posts\/140606","targetHints":{"allow":["GET"]}}],"collection":[{"href":"https:\/\/www.europesays.com\/es\/wp-json\/wp\/v2\/posts"}],"about":[{"href":"https:\/\/www.europesays.com\/es\/wp-json\/wp\/v2\/types\/post"}],"author":[{"embeddable":true,"href":"https:\/\/www.europesays.com\/es\/wp-json\/wp\/v2\/users\/2"}],"replies":[{"embeddable":true,"href":"https:\/\/www.europesays.com\/es\/wp-json\/wp\/v2\/comments?post=140606"}],"version-history":[{"count":0,"href":"https:\/\/www.europesays.com\/es\/wp-json\/wp\/v2\/posts\/140606\/revisions"}],"wp:featuredmedia":[{"embeddable":true,"href":"https:\/\/www.europesays.com\/es\/wp-json\/wp\/v2\/media\/140607"}],"wp:attachment":[{"href":"https:\/\/www.europesays.com\/es\/wp-json\/wp\/v2\/media?parent=140606"}],"wp:term":[{"taxonomy":"category","embeddable":true,"href":"https:\/\/www.europesays.com\/es\/wp-json\/wp\/v2\/categories?post=140606"},{"taxonomy":"post_tag","embeddable":true,"href":"https:\/\/www.europesays.com\/es\/wp-json\/wp\/v2\/tags?post=140606"}],"curies":[{"name":"wp","href":"https:\/\/api.w.org\/{rel}","templated":true}]}}