{"id":140632,"date":"2025-09-26T18:06:11","date_gmt":"2025-09-26T18:06:11","guid":{"rendered":"https:\/\/www.europesays.com\/es\/140632\/"},"modified":"2025-09-26T18:06:11","modified_gmt":"2025-09-26T18:06:11","slug":"la-escritora-ciega-sara-brana-y-su-cuento-nominado-al-premio-circulo-rojo","status":"publish","type":"post","link":"https:\/\/www.europesays.com\/es\/140632\/","title":{"rendered":"La escritora ciega Sara Bra\u00f1a y su cuento nominado al premio C\u00edrculo Rojo"},"content":{"rendered":"<p>Sara Bra\u00f1a es leonesa, risue\u00f1a y justiciera&#8230; al menos en sus libros. Lleva diez publicados. El \u00faltimo, La ni\u00f1a que quer\u00eda ser flor, es un cuento y ha sido nominado a los Premios Editorial C\u00edrculo Rojo, en la categor\u00eda Infantil y Juvenil. Que gane o no, lo descubrir\u00e1 -y descubriremos- pronto.  Antes, queremos conocer parte del argumento del cuento \u00bfno? Y qui\u00e9n mejor que su autora para acercarnos a la historia&#8230; <\/p>\n","protected":false},"excerpt":{"rendered":"Sara Bra\u00f1a es leonesa, risue\u00f1a y justiciera&#8230; al menos en sus libros. Lleva diez publicados. El \u00faltimo, La&hellip;\n","protected":false},"author":2,"featured_media":140633,"comment_status":"","ping_status":"","sticky":false,"template":"","format":"standard","meta":{"footnotes":""},"categories":[172],"tags":[224,146,147,25,24,43831,225,133,43830,1448,1986,1987,23],"class_list":{"0":"post-140632","1":"post","2":"type-post","3":"status-publish","4":"format-standard","5":"has-post-thumbnail","7":"category-libros","8":"tag-books","9":"tag-entertainment","10":"tag-entretenimiento","11":"tag-es","12":"tag-espana","13":"tag-la-escritora-ciega-sara-brana-y-su-cuento-nominado-al-premio-circulo-rojo","14":"tag-libros","15":"tag-online","16":"tag-para-que-veas","17":"tag-radio","18":"tag-rne","19":"tag-rtve-play","20":"tag-spain"},"share_on_mastodon":{"url":"","error":""},"_links":{"self":[{"href":"https:\/\/www.europesays.com\/es\/wp-json\/wp\/v2\/posts\/140632","targetHints":{"allow":["GET"]}}],"collection":[{"href":"https:\/\/www.europesays.com\/es\/wp-json\/wp\/v2\/posts"}],"about":[{"href":"https:\/\/www.europesays.com\/es\/wp-json\/wp\/v2\/types\/post"}],"author":[{"embeddable":true,"href":"https:\/\/www.europesays.com\/es\/wp-json\/wp\/v2\/users\/2"}],"replies":[{"embeddable":true,"href":"https:\/\/www.europesays.com\/es\/wp-json\/wp\/v2\/comments?post=140632"}],"version-history":[{"count":0,"href":"https:\/\/www.europesays.com\/es\/wp-json\/wp\/v2\/posts\/140632\/revisions"}],"wp:featuredmedia":[{"embeddable":true,"href":"https:\/\/www.europesays.com\/es\/wp-json\/wp\/v2\/media\/140633"}],"wp:attachment":[{"href":"https:\/\/www.europesays.com\/es\/wp-json\/wp\/v2\/media?parent=140632"}],"wp:term":[{"taxonomy":"category","embeddable":true,"href":"https:\/\/www.europesays.com\/es\/wp-json\/wp\/v2\/categories?post=140632"},{"taxonomy":"post_tag","embeddable":true,"href":"https:\/\/www.europesays.com\/es\/wp-json\/wp\/v2\/tags?post=140632"}],"curies":[{"name":"wp","href":"https:\/\/api.w.org\/{rel}","templated":true}]}}