{"id":140649,"date":"2025-09-26T18:15:09","date_gmt":"2025-09-26T18:15:09","guid":{"rendered":"https:\/\/www.europesays.com\/es\/140649\/"},"modified":"2025-09-26T18:15:09","modified_gmt":"2025-09-26T18:15:09","slug":"medicos-sin-fronteras-suspende-sus-actividades-en-ciudad-de-gaza-por-ofensiva-de-israel","status":"publish","type":"post","link":"https:\/\/www.europesays.com\/es\/140649\/","title":{"rendered":"M\u00e9dicos Sin Fronteras suspende sus actividades en Ciudad de Gaza por ofensiva de Israel"},"content":{"rendered":"<p>    <img src=\"https:\/\/www.europesays.com\/es\/wp-content\/uploads\/2025\/09\/2025-09-26T173A593A49Z-90074607.jpg\" width=\"1024\" height=\"682\" alt=\"\" loading=\"eager\" decoding=\"sync\" fetchpriority=\"high\"\/><\/p>\n<p>            afp_tickers        <\/p>\n<p>        Este contenido fue publicado en    <\/p>\n<p>        26 septiembre 2025 &#8211; 19:59\n<\/p>\n<p>La oeneg\u00e9 M\u00e9dicos Sin Fronteras (MSF) anunci\u00f3 este viernes que suspender\u00e1 sus operaciones en Ciudad de Gaza ya que sus centros de atenci\u00f3n est\u00e1n rodeados por las tropas israel\u00edes, que lanzaron una ofensiva para tomar la localidad.<\/p>\n<p>La declaraci\u00f3n se produjo despu\u00e9s de que el ej\u00e9rcito israel\u00ed intensificara su ofensiva contra el movimiento islamista palestino Ham\u00e1s e iniciara el 16 de septiembre una operaci\u00f3n terrestre y a\u00e9rea para tomar esta localidad, principal n\u00facleo urbano de la Franja.\u00a0<\/p>\n<p>\u00abNo nos queda m\u00e1s remedio que suspender nuestras actividades, ya que nuestras cl\u00ednicas est\u00e1n rodeadas por las fuerzas israel\u00edes\u00bb, afirm\u00f3 Jacob Granger, coordinador de emergencias de MSF en Gaza.<\/p>\n<p>\u00abEsto es lo \u00faltimo que quer\u00edamos, ya que las necesidades en Ciudad de Gaza son enormes y las personas m\u00e1s vulnerables \u2014los beb\u00e9s en cuidados neonatales, los heridos graves y los enfermos terminales\u2014 no pueden moverse y se encuentran en grave peligro\u00bb, agreg\u00f3.<\/p>\n<p>Solo la semana pasada, las cl\u00ednicas de MSF en Ciudad de Gaza realizaron m\u00e1s de 3.640 consultas y trataron a 1.655 pacientes con desnutrici\u00f3n, seg\u00fan la ONG, que exige \u00abel cese inmediato de la violencia\u00bb y un \u00abacceso sin obst\u00e1culos\u00bb para los trabajadores humanitarios.<\/p>\n<p>A pesar de suspender su actividad en Ciudad de Gaza, MSF afirma que desea seguir prestando apoyo a los \u00abservicios esenciales\u00bb en las instalaciones del Ministerio de Salud, incluidos los hospitales Al Helou y Al Shifa, \u00abmientras sigan funcionando\u00bb.<\/p>\n<p>La Defensa Civil del territorio, que opera bajo la autoridad de Ham\u00e1s, afirm\u00f3 que al menos 22 personas hab\u00edan muerto desde el amanecer en toda la Franja de Gaza, incluidas 11 en Ciudad de Gaza.<\/p>\n<p>El ej\u00e9rcito israel\u00ed indic\u00f3 en un comunicado el viernes que la fuerza a\u00e9rea hab\u00eda \u00abatacado m\u00e1s de 140 objetivos en toda la Franja de Gaza, incluidos terroristas, pozos de t\u00faneles [e] infraestructuras militares\u00bb durante el \u00faltimo d\u00eda.<\/p>\n<p>El ej\u00e9rcito israel\u00ed inform\u00f3 el jueves que desde finales de agosto 700.000 palestinos han huido de Ciudad de Gaza.<\/p>\n<p>La Oficina de Coordinaci\u00f3n de Asuntos Humanitarios de la ONU (OCHA) estima que desde finales de agosto 388.400 personas iniciaron un \u00e9xodo hacia el sur de la Franja de Gaza, la mayor\u00eda desplazados de Ciudad de Gaza.<\/p>\n<p>apo\/jj\/an\/jvb\/hgs\/an<\/p>\n","protected":false},"excerpt":{"rendered":"afp_tickers Este contenido fue publicado en 26 septiembre 2025 &#8211; 19:59 La oeneg\u00e9 M\u00e9dicos Sin Fronteras (MSF) anunci\u00f3&hellip;\n","protected":false},"author":2,"featured_media":140650,"comment_status":"","ping_status":"","sticky":false,"template":"","format":"standard","meta":{"footnotes":""},"categories":[42],"tags":[635,17,18,636,83,13,14,8861,11,165,61,62,63,86,64,19,20,9,43832,10,15,16,12089,88,90,12,21,22,65,66,67],"class_list":{"0":"post-140649","1":"post","2":"type-post","3":"status-publish","4":"format-standard","5":"has-post-thumbnail","7":"category-internacional","8":"tag-armed-conflict","9":"tag-breaking-news","10":"tag-breakingnews","11":"tag-conflict","12":"tag-diplomacy","13":"tag-featured-news","14":"tag-featurednews","15":"tag-foreign-aid","16":"tag-headlines","17":"tag-health","18":"tag-internacional","19":"tag-international","20":"tag-international-news","21":"tag-international-relations","22":"tag-internationalnews","23":"tag-latest-news","24":"tag-latestnews","25":"tag-news","26":"tag-non-government-organizations-ngo","27":"tag-noticias","28":"tag-noticias-destacadas","29":"tag-noticiasdestacadas","30":"tag-parties-and-movements","31":"tag-politics","32":"tag-ticker","33":"tag-titulares","34":"tag-ultimas-noticias","35":"tag-ultimasnoticias","36":"tag-world","37":"tag-world-news","38":"tag-worldnews"},"share_on_mastodon":{"url":"","error":""},"_links":{"self":[{"href":"https:\/\/www.europesays.com\/es\/wp-json\/wp\/v2\/posts\/140649","targetHints":{"allow":["GET"]}}],"collection":[{"href":"https:\/\/www.europesays.com\/es\/wp-json\/wp\/v2\/posts"}],"about":[{"href":"https:\/\/www.europesays.com\/es\/wp-json\/wp\/v2\/types\/post"}],"author":[{"embeddable":true,"href":"https:\/\/www.europesays.com\/es\/wp-json\/wp\/v2\/users\/2"}],"replies":[{"embeddable":true,"href":"https:\/\/www.europesays.com\/es\/wp-json\/wp\/v2\/comments?post=140649"}],"version-history":[{"count":0,"href":"https:\/\/www.europesays.com\/es\/wp-json\/wp\/v2\/posts\/140649\/revisions"}],"wp:featuredmedia":[{"embeddable":true,"href":"https:\/\/www.europesays.com\/es\/wp-json\/wp\/v2\/media\/140650"}],"wp:attachment":[{"href":"https:\/\/www.europesays.com\/es\/wp-json\/wp\/v2\/media?parent=140649"}],"wp:term":[{"taxonomy":"category","embeddable":true,"href":"https:\/\/www.europesays.com\/es\/wp-json\/wp\/v2\/categories?post=140649"},{"taxonomy":"post_tag","embeddable":true,"href":"https:\/\/www.europesays.com\/es\/wp-json\/wp\/v2\/tags?post=140649"}],"curies":[{"name":"wp","href":"https:\/\/api.w.org\/{rel}","templated":true}]}}