{"id":140678,"date":"2025-09-26T18:31:09","date_gmt":"2025-09-26T18:31:09","guid":{"rendered":"https:\/\/www.europesays.com\/es\/140678\/"},"modified":"2025-09-26T18:31:09","modified_gmt":"2025-09-26T18:31:09","slug":"nuevos-videos-de-rage-amorphis-y-wings-of-steel","status":"publish","type":"post","link":"https:\/\/www.europesays.com\/es\/140678\/","title":{"rendered":"Nuevos v\u00eddeos de RAGE, AMORPHIS y WINGS OF STEEL."},"content":{"rendered":"<p>\u00a0<\/p>\n<p style=\"text-align: center;\"><strong><a href=\"#RAGE2\">Nuevos v\u00eddeos de RAGE<\/a>, <a href=\"#AMORPHIS\">AMORPHIS<\/a> y <a href=\"#WINGS\">WINGS OF STEEL<\/a>. <\/strong><\/p>\n<p>A continuaci\u00f3n ten\u00e9is el nuevo v\u00eddeo de <a href=\"http:\/\/www.rage-official.com\/\" target=\"_blank\" rel=\"noopener nofollow\"><strong>RAGE<\/strong><\/a> para su tema \u201cFire In Your Eyes\u201d.<\/p>\n<p><a href=\"http:\/\/www.rage-official.com\/\" target=\"_blank\" rel=\"noopener nofollow\"><strong>RAGE<\/strong><\/a> editan el 26 de septiembre a trav\u00e9s de Steamhammer un nuevo disco titulado \u201cA New World Rising\u201d.<\/p>\n<p>Todos los detalles en este <a href=\"https:\/\/www.rafabasa.com\/2025\/06\/27\/rage-vixen-sinsaenum\/#RAGE\" target=\"_blank\" rel=\"noopener nofollow\">bloque<\/a> y su anterior v\u00eddeo en <a href=\"https:\/\/www.rafabasa.com\/2025\/09\/12\/rage-phil-campbell-and-the-bastard-sons-be-for-you-europe\/#RAGE\" rel=\"nofollow noopener\" target=\"_blank\">este<\/a>.<\/p>\n<p>M\u00e1s sobre la banda en esta <a href=\"https:\/\/www.rafabasa.com\/2024\/04\/26\/rage-richie-sambora-embloodyment\/#RAGE\" target=\"_blank\" rel=\"noopener nofollow\">noticia<\/a>.<\/p>\n<p>\u00a0<\/p>\n<p>\u00a0<\/p>\n<p><a href=\"http:\/\/www.amorphis.net\/\" target=\"_blank\" rel=\"noopener nofollow\"><strong>AMORPHIS<\/strong><\/a> han estrenado un nuevo v\u00eddeo para el tema \u201cFog To Fog\u201d.<\/p>\n<p><a href=\"http:\/\/www.amorphis.net\/\" target=\"_blank\" rel=\"noopener nofollow\"><strong>AMORPHIS<\/strong><\/a> editar\u00e1n el 26 de septiembre a trav\u00e9s de Reigning Phoenix Music un nuevo disco titulado \u201cBorderland\u201d.<\/p>\n<p>Todos los detalles en esta <a href=\"https:\/\/www.rafabasa.com\/2025\/06\/02\/amorphis-crematory-the-quireboys\/#AMORPHIS\" target=\"_blank\" rel=\"noopener nofollow\">noticia<\/a> y los v\u00eddeos anteriores en <a href=\"https:\/\/www.rafabasa.com\/2025\/08\/08\/video-de-amorphis-nuevo-disco-de-them-vinilos-de-4-de-motley-crue-black-sabbath-y-ghost-de-tiny-vinyl-llc\/#AMORPHIS\" target=\"_blank\" rel=\"noopener nofollow\">esta<\/a>.<\/p>\n<p>\u00a0<\/p>\n<p>\u00a0<\/p>\n<p><strong>WINGS OF STEEL<\/strong> han estrenado un nuevo v\u00eddeo para el tema \u201cBurning Sands\u201d.<\/p>\n<p><strong>WINGS\u00a0OF STEEL<\/strong> editar\u00e1n el 17 de octubre a trav\u00e9s de High Roller Records un nuevo disco titulado \u201cWinds Of Time\u201d.<\/p>\n<p>Todos los detalles en esta <a href=\"https:\/\/www.rafabasa.com\/2025\/07\/24\/doro-led-zeppelin-wings-of-steel\/#WINGS_OF_STEEL\" rel=\"nofollow noopener\" target=\"_blank\">noticia<\/a>.<\/p>\n<p align=\"center\"><strong>Sigue el\u00a0<a href=\"https:\/\/whatsapp.com\/channel\/0029VaCprxVBA1f555USvT2O\" target=\"_blank\" rel=\"nofollow noopener\">Canal de RAFABASA.COM en WhatsApp<\/a>, donde encontrar\u00e1s todas nuestras novedades al instante<\/strong><\/p>\n<p>\u00a0<\/p>\n<p>\u00a0<\/p>\n<p>\u00a0<\/p>\n","protected":false},"excerpt":{"rendered":"\u00a0 Nuevos v\u00eddeos de RAGE, AMORPHIS y WINGS OF STEEL. A continuaci\u00f3n ten\u00e9is el nuevo v\u00eddeo de RAGE&hellip;\n","protected":false},"author":2,"featured_media":140679,"comment_status":"","ping_status":"","sticky":false,"template":"","format":"standard","meta":{"footnotes":""},"categories":[170],"tags":[43834,146,147,25,24,184,185,37703,23,43835],"class_list":{"0":"post-140678","1":"post","2":"type-post","3":"status-publish","4":"format-standard","5":"has-post-thumbnail","7":"category-musica","8":"tag-amorphis","9":"tag-entertainment","10":"tag-entretenimiento","11":"tag-es","12":"tag-espana","13":"tag-music","14":"tag-musica","15":"tag-rage","16":"tag-spain","17":"tag-wings-of-steel"},"share_on_mastodon":{"url":"","error":""},"_links":{"self":[{"href":"https:\/\/www.europesays.com\/es\/wp-json\/wp\/v2\/posts\/140678","targetHints":{"allow":["GET"]}}],"collection":[{"href":"https:\/\/www.europesays.com\/es\/wp-json\/wp\/v2\/posts"}],"about":[{"href":"https:\/\/www.europesays.com\/es\/wp-json\/wp\/v2\/types\/post"}],"author":[{"embeddable":true,"href":"https:\/\/www.europesays.com\/es\/wp-json\/wp\/v2\/users\/2"}],"replies":[{"embeddable":true,"href":"https:\/\/www.europesays.com\/es\/wp-json\/wp\/v2\/comments?post=140678"}],"version-history":[{"count":0,"href":"https:\/\/www.europesays.com\/es\/wp-json\/wp\/v2\/posts\/140678\/revisions"}],"wp:featuredmedia":[{"embeddable":true,"href":"https:\/\/www.europesays.com\/es\/wp-json\/wp\/v2\/media\/140679"}],"wp:attachment":[{"href":"https:\/\/www.europesays.com\/es\/wp-json\/wp\/v2\/media?parent=140678"}],"wp:term":[{"taxonomy":"category","embeddable":true,"href":"https:\/\/www.europesays.com\/es\/wp-json\/wp\/v2\/categories?post=140678"},{"taxonomy":"post_tag","embeddable":true,"href":"https:\/\/www.europesays.com\/es\/wp-json\/wp\/v2\/tags?post=140678"}],"curies":[{"name":"wp","href":"https:\/\/api.w.org\/{rel}","templated":true}]}}