{"id":140711,"date":"2025-09-26T18:49:10","date_gmt":"2025-09-26T18:49:10","guid":{"rendered":"https:\/\/www.europesays.com\/es\/140711\/"},"modified":"2025-09-26T18:49:10","modified_gmt":"2025-09-26T18:49:10","slug":"el-imponente-elogio-de-xabi-alonso-a-franco-mastantuono-antes-del-clasico-de-real-madrid-ante-atletico","status":"publish","type":"post","link":"https:\/\/www.europesays.com\/es\/140711\/","title":{"rendered":"El imponente elogio de Xabi Alonso a Franco Mastantuono antes del cl\u00e1sico de Real Madrid ante Atl\u00e9tico"},"content":{"rendered":"<p>Xabi Alonso se deshizo en elogios a la hora de hablar de Mastantuono<\/p>\n<p class=\"paragraph\">En la antesala del derbi entre el Atl\u00e9tico de Madrid y el Real Madrid,<b> Xabi Alonso destac\u00f3 la r\u00e1pida integraci\u00f3n y el perfil competitivo de Mastantuono<\/b>, quien lleg\u00f3 al club hace poco m\u00e1s de un mes luego de cumplir 18 a\u00f1os. El entrenador dedic\u00f3 un extenso apartado de la conferencia de prensa para analizar el presente del futbolista argentino, que podr\u00eda tener minutos en uno de los encuentros m\u00e1s intensos de la temporada de La Liga de Espa\u00f1a.<\/p>\n<p class=\"paragraph\">El estratega del conjunto merengue afirm\u00f3 en rueda de prensa: <b>\u201cTiene much\u00edsimas cosas buenas. La verdad es que para la edad que tiene y haber llegado hace un mes y poco, que acaba de cumplir dieciocho a\u00f1os, a un pa\u00eds nuevo, a una liga nueva, a un club grande, la adaptaci\u00f3n ha sido muy buena<\/b>\u201c. El joven, pese al salto a la Casa Blanca, parece totalmente adaptado, sumando varios minutos importantes desde su llegada a la instituci\u00f3n. <\/p>\n<p class=\"paragraph\">Para Alonso, el valor a\u00f1adido del mediocampista no solo reside en su proyecci\u00f3n t\u00e9cnica: \u201cMe encanta, que es la calidad que tiene, por supuesto, la personalidad, pero lo competitivo que es. \u00c9l tiene mucha energ\u00eda y prefiero&#8230; Y luego hay que ordenarlo, evidentemente, tiene que coger conceptos, pero <b>esa energ\u00eda, ese gen competitivo, es algo fundamental en nuestro equipo, en nuestro juego y estoy muy contento de que lo haya tra\u00eddo y lo vamos a disfrutar durante mucho tiempo<\/b>\u201c.<\/p>\n<p><img alt=\"Franco Mastantuono viene de marcar\" class=\"global-image\" decoding=\"async\" fetchpriority=\"low\" height=\"2347\" loading=\"lazy\" src=\"https:\/\/www.europesays.com\/es\/wp-content\/uploads\/2025\/09\/ILJ3ASZWVVHD5NQIOURZJZXSGY.JPG\" width=\"4173\"\/>Franco Mastantuono viene de marcar su primer gol con la camiseta del Real Madrid (REUTERS\/Pablo Morano)<\/p>\n<p class=\"paragraph\">Sobre la posibilidad de que el joven argentino tenga minutos, Alonso se mantuvo reservado: \u201cMa\u00f1ana tenemos a todos listos, todos han recuperado bien despu\u00e9s del partido en Valencia contra Levante. No hay ning\u00fan tocado ni nada, o sea que ma\u00f1ana decidiremos. Y no puedo dar pistas\u201d. <\/p>\n<p class=\"paragraph\">Desde su llegada al conjunto blanco, el oriundo de Azul disput\u00f3 seis encuentros, en los que en cinco fue titular, incluido el estreno del club esta temporada en la Champions League ante Olympique Marsella. Adem\u00e1s, en su \u00faltima presentaci\u00f3n, ante Levante, marc\u00f3 su primer gol con esta camiseta. <\/p>\n<p class=\"paragraph\">La cita en el estadio Metropolitano convoca a los dos principales equipos de Madrid y ser\u00e1 un compromiso clave para el futuro de La Liga. El Merengue lidera el campeonato con 18 puntos, producto de seis victorias en igual cantidad de presentaciones, lo que le permiti\u00f3 sacarle dos puntos de ventaja a Barcelona, su m\u00e1s inmediato perseguidor. El Colchonero, por su parte, tuvo un inicio irregular y aparece en el noveno lugar con 9 puntos (dos victorias, tres empates y una derrota).<\/p>\n<p class=\"paragraph\">De cara a este cl\u00e1sico se producir\u00e1 una particularidad en la Casa Blanca, ya que arribar\u00e1 a la casa de su m\u00e1s ac\u00e9rrimo adversario con varios debutantes, como Mastantuono Arda G\u00fcler, Dean Huijsen y \u00c1lvaro Carreras. Al respecto, el DT esboz\u00f3: \u201cSiempre hay una primera vez para todo. Necesitamos a todos para ma\u00f1ana y para que tengan esa sensaci\u00f3n. Que vivan la previa, el durante. El despu\u00e9s unos lo celebran y otros no, pero eso forma parte de la historia de los derbis\u201d.<\/p>\n<p class=\"paragraph\">Sobre la visita a la casa del Atl\u00e9tico de Madrid, el entrenador manifest\u00f3: \u201cEs un ambiente bonito. Los derbis son especiales. Incluso en los d\u00edas previos se nota en la ciudad y en la comunidad. Cuando sabes lo que hay en juego te motiva m\u00e1s, tienes m\u00e1s ganas de hacerlo bien. Esperamos un ambiente potente\u201d. Y luego, a\u00f1adi\u00f3: \u201cS\u00ed que es diferente ir al Metropolitano con el Madrid, por la rivalidad. Es bonito y ojal\u00e1 podamos disfrutarlo ma\u00f1ana tambi\u00e9n. La clasificaci\u00f3n no dice mucho, pero el partido ser\u00e1 complicado y tendremos que trabajarlo.<\/p>\n","protected":false},"excerpt":{"rendered":"Xabi Alonso se deshizo en elogios a la hora de hablar de Mastantuono En la antesala del derbi&hellip;\n","protected":false},"author":2,"featured_media":140712,"comment_status":"","ping_status":"","sticky":false,"template":"","format":"standard","meta":{"footnotes":""},"categories":[268],"tags":[168,25,24,406,280,282,281,23,3020,167,235],"class_list":{"0":"post-140711","1":"post","2":"type-post","3":"status-publish","4":"format-standard","5":"has-post-thumbnail","7":"category-futbol","8":"tag-deportes","9":"tag-es","10":"tag-espana","11":"tag-europe","12":"tag-football","13":"tag-futbol","14":"tag-soccer","15":"tag-spain","16":"tag-sport","17":"tag-sports","18":"tag-valencia"},"share_on_mastodon":{"url":"","error":""},"_links":{"self":[{"href":"https:\/\/www.europesays.com\/es\/wp-json\/wp\/v2\/posts\/140711","targetHints":{"allow":["GET"]}}],"collection":[{"href":"https:\/\/www.europesays.com\/es\/wp-json\/wp\/v2\/posts"}],"about":[{"href":"https:\/\/www.europesays.com\/es\/wp-json\/wp\/v2\/types\/post"}],"author":[{"embeddable":true,"href":"https:\/\/www.europesays.com\/es\/wp-json\/wp\/v2\/users\/2"}],"replies":[{"embeddable":true,"href":"https:\/\/www.europesays.com\/es\/wp-json\/wp\/v2\/comments?post=140711"}],"version-history":[{"count":0,"href":"https:\/\/www.europesays.com\/es\/wp-json\/wp\/v2\/posts\/140711\/revisions"}],"wp:featuredmedia":[{"embeddable":true,"href":"https:\/\/www.europesays.com\/es\/wp-json\/wp\/v2\/media\/140712"}],"wp:attachment":[{"href":"https:\/\/www.europesays.com\/es\/wp-json\/wp\/v2\/media?parent=140711"}],"wp:term":[{"taxonomy":"category","embeddable":true,"href":"https:\/\/www.europesays.com\/es\/wp-json\/wp\/v2\/categories?post=140711"},{"taxonomy":"post_tag","embeddable":true,"href":"https:\/\/www.europesays.com\/es\/wp-json\/wp\/v2\/tags?post=140711"}],"curies":[{"name":"wp","href":"https:\/\/api.w.org\/{rel}","templated":true}]}}