{"id":140728,"date":"2025-09-26T18:58:12","date_gmt":"2025-09-26T18:58:12","guid":{"rendered":"https:\/\/www.europesays.com\/es\/140728\/"},"modified":"2025-09-26T18:58:12","modified_gmt":"2025-09-26T18:58:12","slug":"raphael-suspende-su-concierto-en-zamora-por-un-proceso-gripal","status":"publish","type":"post","link":"https:\/\/www.europesays.com\/es\/140728\/","title":{"rendered":"Raphael suspende su concierto en Zamora por un proceso gripal"},"content":{"rendered":"<p>Actualizado  Viernes,<br \/>\n26<br \/>\nseptiembre<br \/>\n2025<br \/>\n&#8211;<br \/>\n16:26<\/p>\n<p class=\"ue-c-article__paragraph\">El cantante<strong> Raphael <\/strong>ha suspendido por un proceso gripal el concierto gratuito que ten\u00eda previsto dar este viernes por la noche en el recinto ferial Ifeza de Zamora, como colof\u00f3n a la gala de entrega de los premios de la Fundaci\u00f3n Caja Rural de esta capital castellanoleonesa, seg\u00fan ha informado la organizaci\u00f3n en un comunicado.<\/p>\n<p class=\"ue-c-article__paragraph\">La oficina de representaci\u00f3n del cantante ha indicado que el concierto se suspende por<strong> \u00abmotivos m\u00e9dicos relacionados con un proceso gripal\u00bb<\/strong>, ha lamentado las molestias que la cancelaci\u00f3n pueda causar y ha agradecido \u00abde antemano la compresi\u00f3n y apoyo\u00bb del p\u00fablico y la organizaci\u00f3n.<\/p>\n<p>Para saber m\u00e1s<\/p>\n<p><img decoding=\"async\" width=\"1200\" height=\"800\" class=\"ue-c-cover-content__image lazyload\" alt=\"\" loading=\"lazy\" src=\"https:\/\/www.europesays.com\/es\/wp-content\/uploads\/2025\/09\/17498397997345.jpg\"\/>Entrevista. <a class=\"ue-c-cover-content__link\" href=\"https:\/\/www.elmundo.es\/papel\/cultura\/2025\/06\/14\/684c706de85ece074b8b456d.html\" data-ue-cmp=\"parasabermas\" rel=\"nofollow noopener\" target=\"_blank\">Vuelve Raphael: \u00abMi gran noche est\u00e1 por llegar\u00bb<\/a><\/p>\n<ul class=\"ue-c-cover-content__byline-list\">\n<li class=\"ue-c-cover-content__byline-item\">Redacci\u00f3n:<br \/>\nRODRIGO TERRASA (Texto)(Madrid)<\/li>\n<li class=\"ue-c-cover-content__byline-item\">Redacci\u00f3n:<br \/>\nDANIEL IZEDDIN (V\u00eddeo)<\/li>\n<li class=\"ue-c-cover-content__byline-item\">Redacci\u00f3n:<br \/>\nREDA SLAFTI <\/li>\n<li class=\"ue-c-cover-content__byline-item\">Redacci\u00f3n:<br \/>\n\u00c1NGEL NAVARRETE (Fotograf\u00eda)<\/li>\n<\/ul>\n<p><a class=\"ue-c-cover-content__link-whole-content\" href=\"https:\/\/www.elmundo.es\/papel\/cultura\/2025\/06\/14\/684c706de85ece074b8b456d.html\" aria-hidden=\"true\" tabindex=\"-1\" rel=\"nofollow noopener\" target=\"_blank\">Vuelve Raphael: \u00abMi gran noche est\u00e1 por llegar\u00bb<\/a><\/p>\n<p class=\"ue-c-article__paragraph\">La suspensi\u00f3n del concierto de Raphael, que estaba previsto que cantase durante cerca de una hora y media, ha llevado a modificar los horarios del resto de actuaciones musicales programadas.<\/p>\n<p class=\"ue-c-article__paragraph\">Tras la actuaci\u00f3n cancelada en Zamora, Raphael tiene previsto dar <strong>cinco conciertos en octubre:<\/strong> el pr\u00f3ximo d\u00eda 4 en la plaza de toros de Murcia, el d\u00eda 11 en el Auditorio Kursaal de San Sebasti\u00e1n, el d\u00eda 18 en la plaza de toros de Almer\u00eda y los d\u00edas 24 y 25 en el Auditorium de Palma de Mallorca.<\/p>\n","protected":false},"excerpt":{"rendered":"Actualizado Viernes, 26 septiembre 2025 &#8211; 16:26 El cantante Raphael ha suspendido por un proceso gripal el concierto&hellip;\n","protected":false},"author":2,"featured_media":140729,"comment_status":"","ping_status":"","sticky":false,"template":"","format":"standard","meta":{"footnotes":""},"categories":[91],"tags":[10593,146,147,25,24,185,24243,23],"class_list":{"0":"post-140728","1":"post","2":"type-post","3":"status-publish","4":"format-standard","5":"has-post-thumbnail","7":"category-entretenimiento","8":"tag-cultura-musica","9":"tag-entertainment","10":"tag-entretenimiento","11":"tag-es","12":"tag-espana","13":"tag-musica","14":"tag-raphael","15":"tag-spain"},"share_on_mastodon":{"url":"","error":""},"_links":{"self":[{"href":"https:\/\/www.europesays.com\/es\/wp-json\/wp\/v2\/posts\/140728","targetHints":{"allow":["GET"]}}],"collection":[{"href":"https:\/\/www.europesays.com\/es\/wp-json\/wp\/v2\/posts"}],"about":[{"href":"https:\/\/www.europesays.com\/es\/wp-json\/wp\/v2\/types\/post"}],"author":[{"embeddable":true,"href":"https:\/\/www.europesays.com\/es\/wp-json\/wp\/v2\/users\/2"}],"replies":[{"embeddable":true,"href":"https:\/\/www.europesays.com\/es\/wp-json\/wp\/v2\/comments?post=140728"}],"version-history":[{"count":0,"href":"https:\/\/www.europesays.com\/es\/wp-json\/wp\/v2\/posts\/140728\/revisions"}],"wp:featuredmedia":[{"embeddable":true,"href":"https:\/\/www.europesays.com\/es\/wp-json\/wp\/v2\/media\/140729"}],"wp:attachment":[{"href":"https:\/\/www.europesays.com\/es\/wp-json\/wp\/v2\/media?parent=140728"}],"wp:term":[{"taxonomy":"category","embeddable":true,"href":"https:\/\/www.europesays.com\/es\/wp-json\/wp\/v2\/categories?post=140728"},{"taxonomy":"post_tag","embeddable":true,"href":"https:\/\/www.europesays.com\/es\/wp-json\/wp\/v2\/tags?post=140728"}],"curies":[{"name":"wp","href":"https:\/\/api.w.org\/{rel}","templated":true}]}}