{"id":140740,"date":"2025-09-26T19:04:08","date_gmt":"2025-09-26T19:04:08","guid":{"rendered":"https:\/\/www.europesays.com\/es\/140740\/"},"modified":"2025-09-26T19:04:08","modified_gmt":"2025-09-26T19:04:08","slug":"el-balonmano-galdar-buscara-sumar-sus-primeros-puntos-ante-el-bm-culleredo-en-a-coruna","status":"publish","type":"post","link":"https:\/\/www.europesays.com\/es\/140740\/","title":{"rendered":"El Balonmano G\u00e1ldar buscar\u00e1 sumar sus primeros puntos ante el BM Culleredo en A Coru\u00f1a"},"content":{"rendered":"<p><a class=\"v-mdl-ath__fig-a\" href=\"https:\/\/www.canarias7.es\/autor\/canarias7-6545.html\" title=\"CANARIAS7\" rel=\"nofollow noopener\" target=\"_blank\"><br \/>\n<img decoding=\"async\" class=\"v-mdl-ath__img\" src=\"https:\/\/www.europesays.com\/es\/wp-content\/uploads\/2025\/08\/1754689268_701_autor-6545-foto-1.png\" alt=\"CANARIAS7\"\/><br \/>\n<\/a><\/p>\n<p class=\"v-mdl-ath__p v-mdl-ath__p--6\">\nViernes, 26 de septiembre 2025, 19:00<\/p>\n<p class=\"v-p\">El conjunto galdense viaja este s\u00e1bado a tierras gallegas para afrontar la tercera jornada de la Primera Nacional. Los de Aday S\u00e1nchez se medir\u00e1n a un BM Culleredo en estado de gracia tras su pleno de victorias en el arranque liguero.<\/p>\n<p class=\"v-p\">El Balonmano G\u00e1ldar Gran Canaria afronta este s\u00e1bado, 27 de septiembre, la tercera jornada del Grupo A de Primera Nacional con un exigente desplazamiento a tierras gallegas. El conjunto dirigido por Aday S\u00e1nchez visitar\u00e1 al BM Culleredo en el Pabell\u00f3n Municipal de Tarr\u00edo, en un encuentro que dar\u00e1 comienzo a las 19:30 horas (18:30 hora canaria).<\/p>\n<p class=\"v-p\">El cuadro gallego llega a la cita en un gran estado de forma tras haber sumado los cuatro puntos posibles en las dos primeras jornadas. Con victorias en su estreno liguero en casa frente al Ribeiro y a domicilio en Tenerife ante el Tacoronte, los del norte de Espa\u00f1a se han consolidado como uno de los equipos m\u00e1s en forma de este inicio de competici\u00f3n. Entre sus hombres m\u00e1s destacados se encuentran Iago Vidal y Carlos Costa, dos referentes ofensivos llamados a marcar diferencias en el juego del conjunto coru\u00f1\u00e9s.<\/p>\n<p class=\"v-p\">Por su parte, el Balonmano G\u00e1ldar Gran Canaria buscar\u00e1 revertir la din\u00e1mica tras un arranque de temporada complicado, en el que a\u00fan no ha podido puntuar. Dos derrotas ante rivales de gran entidad han marcado el inicio del curso para los galdenses, que, sin embargo, viajar\u00e1n a Galicia con la firme intenci\u00f3n de sumar sus dos primeros puntos en la liga. La intensidad defensiva, la concentraci\u00f3n en los momentos clave y la solidez en el juego colectivo ser\u00e1n fundamentales para hacer frente a un rival que atraviesa un gran momento de confianza.<\/p>\n<p class=\"v-p\">Los jugadores convocados por Aday S\u00e1nchez para este encuentro son: Hugo G\u00f3mez, Magnol Su\u00e1rez, Carlos Mederos, Alejandro Castellano, Jes\u00fas Mendoza, Marvyn Santiago, Saulo L\u00f3pez, Fran Trujillo, Guillermo Arencibia, Derek Pulido, Gonzalo Asensio y Nicol\u00e1s Tavella.<\/p>\n<p class=\"v-p\">El choque en Tarr\u00edo se presenta como una nueva oportunidad para que el Balonmano G\u00e1ldar Gran Canaria d\u00e9 un paso adelante en la competici\u00f3n y logre un triunfo que refuerce el trabajo realizado en estas primeras semanas de temporada.<\/p>\n<p class=\"v-p\">Puede seguir <a href=\"https:\/\/www.youtube.com\/live\/xa-K5ipoMSc\" data-voc-vtm-id=\"in-text-traffic\" title=\"en directo el encuentro en el siguiente enlace\" data-mrf-link=\"www.youtube.com\" rel=\"nofollow noopener\" target=\"_blank\">en directo el encuentro en el siguiente enlace<\/a>.<\/p>\n<p>Comenta<\/p>\n<p>Reporta un error<\/p>\n","protected":false},"excerpt":{"rendered":"Viernes, 26 de septiembre 2025, 19:00 El conjunto galdense viaja este s\u00e1bado a tierras gallegas para afrontar la&hellip;\n","protected":false},"author":2,"featured_media":140741,"comment_status":"","ping_status":"","sticky":false,"template":"","format":"standard","meta":{"footnotes":""},"categories":[278],"tags":[1575,376,43843,7879,34437,168,25,24,29642,375,566,6417,23,167,4453],"class_list":{"0":"post-140740","1":"post","2":"type-post","3":"status-publish","4":"format-standard","5":"has-post-thumbnail","7":"category-balonmano","8":"tag-ante","9":"tag-balonmano","10":"tag-buscara","11":"tag-coruna","12":"tag-culleredo","13":"tag-deportes","14":"tag-es","15":"tag-espana","16":"tag-galdar","17":"tag-handball","18":"tag-primeros","19":"tag-puntos","20":"tag-spain","21":"tag-sports","22":"tag-sumar"},"share_on_mastodon":{"url":"","error":""},"_links":{"self":[{"href":"https:\/\/www.europesays.com\/es\/wp-json\/wp\/v2\/posts\/140740","targetHints":{"allow":["GET"]}}],"collection":[{"href":"https:\/\/www.europesays.com\/es\/wp-json\/wp\/v2\/posts"}],"about":[{"href":"https:\/\/www.europesays.com\/es\/wp-json\/wp\/v2\/types\/post"}],"author":[{"embeddable":true,"href":"https:\/\/www.europesays.com\/es\/wp-json\/wp\/v2\/users\/2"}],"replies":[{"embeddable":true,"href":"https:\/\/www.europesays.com\/es\/wp-json\/wp\/v2\/comments?post=140740"}],"version-history":[{"count":0,"href":"https:\/\/www.europesays.com\/es\/wp-json\/wp\/v2\/posts\/140740\/revisions"}],"wp:featuredmedia":[{"embeddable":true,"href":"https:\/\/www.europesays.com\/es\/wp-json\/wp\/v2\/media\/140741"}],"wp:attachment":[{"href":"https:\/\/www.europesays.com\/es\/wp-json\/wp\/v2\/media?parent=140740"}],"wp:term":[{"taxonomy":"category","embeddable":true,"href":"https:\/\/www.europesays.com\/es\/wp-json\/wp\/v2\/categories?post=140740"},{"taxonomy":"post_tag","embeddable":true,"href":"https:\/\/www.europesays.com\/es\/wp-json\/wp\/v2\/tags?post=140740"}],"curies":[{"name":"wp","href":"https:\/\/api.w.org\/{rel}","templated":true}]}}