{"id":140742,"date":"2025-09-26T19:05:08","date_gmt":"2025-09-26T19:05:08","guid":{"rendered":"https:\/\/www.europesays.com\/es\/140742\/"},"modified":"2025-09-26T19:05:08","modified_gmt":"2025-09-26T19:05:08","slug":"toreria-de-manuel-quintana-y-distinciones-de-jose-antonio-de-gracia-en-pozoblanco","status":"publish","type":"post","link":"https:\/\/www.europesays.com\/es\/140742\/","title":{"rendered":"Torer\u00eda de Manuel Quintana y distinciones de Jos\u00e9 Antonio de Gracia en Pozoblanco"},"content":{"rendered":"<p class=\"voc-p\" style=\"\">Torer\u00eda y prestancia la de <strong>Manuel Quintana<\/strong>. Buen nivel de los cordobeses en la primera de la <strong>feria de Pozoblanco<\/strong>, con una sesi\u00f3n a hombros que result\u00f3 interesante y m\u00e1s que prometedora para el toreo de la provincia califal. Brill\u00f3 Quintana y demostr\u00f3 solvencia el local, con proyecci\u00f3n. Tarde de reses con posibles, la que menos, la del cordob\u00e9s.<\/p>\n<p class=\"voc-p\" style=\"\">Quintana dej\u00f3 dos medias de capa en un lanceo imposible. El cordob\u00e9s tore\u00f3 con<strong> empaque<\/strong> ya de salida, mostr\u00e1ndose maduro ante el tercero de la tarde, que fue colaborador. El prometedor novillero luci\u00f3 al someter por bajo, a comp\u00e1s abierto y con cadencia. Le acompa\u00f1\u00f3 la<strong> est\u00e9tica y la virtud al natural,<\/strong> manejando con dulzura un enga\u00f1o que acariciaba con armon\u00eda y sabiendo emplear para medir distancia y tiempo. <\/p>\n<p class=\"voc-p\" style=\"\">Preciso, franco y firme anduvo hasta el final, evidenciando <a href=\"https:\/\/www.abc.es\/espana\/andalucia\/cordoba\/manuel-quintana-ilusion-torero-veo-cerca-nunca-20250922063309-nts.html\" target=\"_self\" data-voc-vtm-id=\"in-text-traffic\" title=\"motivos para seguir su progreso\" data-mrf-link=\"www.abc.es\" rel=\"nofollow noopener\">motivos para seguir su progreso<\/a>. Propuesta de bella factura en las series, concluyendo con acierto en cada tramo. Est\u00e9tica y con fondo fue su faena, ejecutada con mucha torer\u00eda. Pinch\u00f3 antes de volcarse buscando la suerte en lo alto. Cort\u00f3 un rabo.<\/p>\n<p class=\"voc-p\" style=\"\">El <strong>pozoalbense Jos\u00e9 Antonio de Gracia<\/strong> tore\u00f3 a la ver\u00f3nica con talla a un novillo que tambi\u00e9n fue probado en un coqueto quite por Manuel Quintana, flexionando por bajo en el tercio. El novillero local dej\u00f3 una completa faena, con secuencias ligadas y mostr\u00e1ndose firme. Destac\u00f3 por su capacidad y concepto, resultando variado y concretando cuando somet\u00eda a un novillo pronto que ech\u00f3 la cara arriba en el tramo final. Fall\u00f3 en los dos primeros intentos a recibir, finalizando con empe\u00f1o en la misma suerte.<\/p>\n<p><img decoding=\"async\" loading=\"lazy\" src=\"https:\/\/www.europesays.com\/es\/wp-content\/uploads\/2025\/09\/WhatsAppImage2025-09-26at20.24.06-U35755556572FpB-760x427@diario_abc.jpeg\" class=\"voc-img\" width=\"760\" height=\"427\" alt=\"Manuel Quintana con su novillo\" data-voc-vtm-id=\"in-text-traffic\"\/><\/p>\n<p>Manuel Quintana con su novillo<\/p>\n<p>MOLFER<\/p>\n<p class=\"voc-p\" style=\"\"><strong>Alejandro Gonz\u00e1lez<\/strong> cort\u00f3 un ap\u00e9ndice al que hizo cuarto, un jabonero al que capote\u00f3 hasta sacar del tercio. La faena tom\u00f3 cuerpo en el ecuador, con m\u00e1s acierto en la distancia y temple. Se mantuvo m\u00e1s s\u00f3lido y con confianza una vez entendi\u00f3 el recorrido y ajustando la tela. M\u00e1s efectivo fue en el ocaso.<\/p>\n<p class=\"voc-p\" style=\"\">Solvente y resolutivo se mostr\u00f3 el novillero que abri\u00f3 plaza, <strong>Ekaitz Moreno<\/strong>. El donostiarra anduvo suelto con los trastos, mostrando disposici\u00f3n desde el lanceo, con una larga en el tercio antes de asear con la capa. En el pre\u00e1mbulo del festejo, sorte\u00f3 con la muleta con ambas manos, intentando ligar a media altura. Fue volteado en una faena con m\u00e1s empe\u00f1o que sustancia. Tuvo que pasar por la enfermer\u00eda con magulladuras en la cara.<\/p>\n<p class=\"voc-p\" style=\"\"><strong>\u00c1lvaro Hern\u00e1ndez<\/strong> dej\u00f3 un capoteo ante el quinto m\u00e1s atropellado y sin ajuste conforme la condici\u00f3n del astado, repetidor y con codicia. Anduvo falto de conexi\u00f3n y menos concreto con la tela ante un enemigo que requiri\u00f3 mando y que met\u00eda la cara. Hubo empe\u00f1o y cerr\u00f3 con manoletinas una faena mejor resuelta con el acero.<\/p>\n<p class=\"voc-p\" style=\"\">El valenciano<strong> Hugo Mas\u00eda<\/strong> se fue a <strong>portagayola<\/strong> antes de un capoteo impreciso que casi acaba accidentado en el que cerr\u00f3 plaza. Voluntarioso anduvo con los avivadores, con m\u00e1s empuje que punter\u00eda. Con la muleta, algo tardo, dej\u00f3 intermitentes secuencias mejor encaradas al natural.<\/p>\n<p>Ficha t\u00e9cnica<\/p>\n<p class=\"voc-p\"><strong>Coso de Los Llanos, Pozoblanco<\/strong> (C\u00f3rdoba). Primer festejo de la Feria de Nuestra Se\u00f1ora de Las Mercedes. Un tercio del tendido. Tarde despejada y agradable. Se lidian reses de Zacar\u00edas Moreno. Bien presentadas, de juego dispar y con fondo. El mejor, el quinto. <\/p>\n<p class=\"voc-p\"><strong>Ekaitz Moreno<\/strong>, de berenjena y plata. Pinchazo y estocada baja (vuelta).<\/p>\n<p class=\"voc-p\"><strong>Jos\u00e9 Antonio de Gracia<\/strong>, de vainilla y azabache. Dos pinchazos y estocada baja (dos orejas).<\/p>\n<p class=\"voc-p\"><strong>Manuel Quintana<\/strong>, de blanco y plata. Pinchazo y estocada (dos orejas y rabo).<\/p>\n<p class=\"voc-p\"><strong>Alejandro Gonz\u00e1lez<\/strong>, de berenjena y azabache. Estocada (oreja).<\/p>\n<p class=\"voc-p\"><strong>\u00c1lvaro Hern\u00e1ndez<\/strong>, de celeste y oro. Estocada (silencio).<\/p>\n<p class=\"voc-p\"><strong>Hugo Mas\u00eda<\/strong>, de el\u00e9ctrico y oro. Tres pinchazos y estocada y siete descabellos (silencio tras dos avisos).<\/p>\n<p>Reportar un error<\/p>\n","protected":false},"excerpt":{"rendered":"Torer\u00eda y prestancia la de Manuel Quintana. Buen nivel de los cordobeses en la primera de la feria&hellip;\n","protected":false},"author":2,"featured_media":140743,"comment_status":"","ping_status":"","sticky":false,"template":"","format":"standard","meta":{"footnotes":""},"categories":[277],"tags":[1247,373,168,43844,25,24,18569,2467,841,8072,27011,23,167,374,13082],"class_list":{"0":"post-140742","1":"post","2":"type-post","3":"status-publish","4":"format-standard","5":"has-post-thumbnail","7":"category-toreo","8":"tag-antonio","9":"tag-bullfighting","10":"tag-deportes","11":"tag-distinciones","12":"tag-es","13":"tag-espana","14":"tag-gracia","15":"tag-jose","16":"tag-manuel","17":"tag-pozoblanco","18":"tag-quintana","19":"tag-spain","20":"tag-sports","21":"tag-toreo","22":"tag-toreria"},"share_on_mastodon":{"url":"","error":""},"_links":{"self":[{"href":"https:\/\/www.europesays.com\/es\/wp-json\/wp\/v2\/posts\/140742","targetHints":{"allow":["GET"]}}],"collection":[{"href":"https:\/\/www.europesays.com\/es\/wp-json\/wp\/v2\/posts"}],"about":[{"href":"https:\/\/www.europesays.com\/es\/wp-json\/wp\/v2\/types\/post"}],"author":[{"embeddable":true,"href":"https:\/\/www.europesays.com\/es\/wp-json\/wp\/v2\/users\/2"}],"replies":[{"embeddable":true,"href":"https:\/\/www.europesays.com\/es\/wp-json\/wp\/v2\/comments?post=140742"}],"version-history":[{"count":0,"href":"https:\/\/www.europesays.com\/es\/wp-json\/wp\/v2\/posts\/140742\/revisions"}],"wp:featuredmedia":[{"embeddable":true,"href":"https:\/\/www.europesays.com\/es\/wp-json\/wp\/v2\/media\/140743"}],"wp:attachment":[{"href":"https:\/\/www.europesays.com\/es\/wp-json\/wp\/v2\/media?parent=140742"}],"wp:term":[{"taxonomy":"category","embeddable":true,"href":"https:\/\/www.europesays.com\/es\/wp-json\/wp\/v2\/categories?post=140742"},{"taxonomy":"post_tag","embeddable":true,"href":"https:\/\/www.europesays.com\/es\/wp-json\/wp\/v2\/tags?post=140742"}],"curies":[{"name":"wp","href":"https:\/\/api.w.org\/{rel}","templated":true}]}}