{"id":140746,"date":"2025-09-26T19:08:12","date_gmt":"2025-09-26T19:08:12","guid":{"rendered":"https:\/\/www.europesays.com\/es\/140746\/"},"modified":"2025-09-26T19:08:12","modified_gmt":"2025-09-26T19:08:12","slug":"asi-disfrutan-nadal-y-federer-de-su-ultimo-encuentro-juntos","status":"publish","type":"post","link":"https:\/\/www.europesays.com\/es\/140746\/","title":{"rendered":"As\u00ed disfrutan Nadal y Federer de su \u00faltimo encuentro juntos"},"content":{"rendered":"<p class=\"quota-display text-align-center\">\n        <a href=\"https:\/\/www.puntodebreak.com\/MDBA-B3-PDB-QUOTA-25\" rel=\"sponsored nofollow noopener\" title=\"Apuesta en bet365\" target=\"_blank\"><\/p>\n<p>            <img decoding=\"async\" alt=\"Bet365\" class=\"bet-logo lazyload\" loading=\"lazy\" src=\"https:\/\/www.europesays.com\/es\/wp-content\/uploads\/2025\/09\/1758819736_411_b365.jpg\"\/>Streaming ATP Tokyo MD en directo<\/p>\n<p> \ud83c\udfbe Nakashima\/Tiafoe vs Nys\/Roger-Vasselin<\/p>\n<ol class=\"stream-card__steps\">\n<li>Entra aqu\u00ed y reg\u00edstrate en Bet365<\/li>\n<li>Haz tu primer dep\u00f3sito de m\u00ednimo 5\u00a0\u20ac<\/li>\n<li>Entra en la secci\u00f3n \u00abDirecto\u00bb y ve todos los partidos<\/li>\n<\/ol>\n<p>\n                                Ver partido en Bet365\n                            <\/p>\n<p>             <a href=\"https:\/\/www.ordenacionjuego.es\/participantes-juego\/juego-seguro\/rgiaj\" target=\"_blank\" rel=\"nofollow noopener\"><br \/>\n                <img decoding=\"async\" loading=\"lazy\" alt=\"autoexclusion\" width=\"38\" height=\"38\" class=\"lazyload\" src=\"https:\/\/www.europesays.com\/es\/wp-content\/uploads\/2025\/09\/1758685510_177_18.webp.webp\"\/><\/a><br \/>\n             <a href=\"https:\/\/www.ordenacionjuego.es\/participantes-juego\/juego-seguro\/rgiaj\" target=\"_blank\" rel=\"nofollow noopener\"><br \/>\n              <img decoding=\"async\" loading=\"lazy\" alt=\"autoexclusion\" width=\"50\" height=\"38\" class=\"lazyload\" src=\"https:\/\/www.europesays.com\/es\/wp-content\/uploads\/2025\/09\/1758685511_596_autoprohibicion.webp.webp\"\/><\/a><br \/>\n             <a href=\"https:\/\/www.ordenacionjuego.es\/participantes-juego\/juego-seguro\" target=\"_blank\" rel=\"nofollow noopener\"><br \/>\n                <img decoding=\"async\" loading=\"lazy\" alt=\"juego seguro\" width=\"223\" height=\"38\" class=\"lazyload\" src=\"https:\/\/www.europesays.com\/es\/wp-content\/uploads\/2025\/09\/1758685511_158_juego-seguro.webp.webp\"\/><\/a><br \/>\n             <a href=\"https:\/\/www.ordenacionjuego.es\/participantes-juego\" target=\"_blank\" rel=\"nofollow noopener\"><br \/>\n                <img decoding=\"async\" loading=\"lazy\" style=\"background:#000;padding:2px;\" alt=\"juega con responsabilidad\" width=\"206\" height=\"55\" class=\"lazyload\" src=\"https:\/\/www.europesays.com\/es\/wp-content\/uploads\/2025\/09\/1758685512_360_juega-con-responsabilidad.webp.webp\"\/><\/a><br \/>\n             \u00a0PUBLICIDAD<\/p>\n<p>        <\/a>\n      <\/p>\n<p bis_size=\"{&quot;x&quot;:8,&quot;y&quot;:8,&quot;w&quot;:1196,&quot;h&quot;:63,&quot;abs_x&quot;:208,&quot;abs_y&quot;:1248}\" class=\"text-align-justify\">Alerta: contenido Fedal incoming. Vimos a <strong bis_size=\"{&quot;x&quot;:276,&quot;y&quot;:10,&quot;w&quot;:104,&quot;h&quot;:18,&quot;abs_x&quot;:476,&quot;abs_y&quot;:1250}\">Roger Federer<\/strong> muy activo durante la disputa de la Laver Cup 2025, y el mes de septiembre no ha terminado sin que disfrutemos de un nuevo v\u00eddeo entre Roger y su gran amigo <strong bis_size=\"{&quot;x&quot;:187,&quot;y&quot;:31,&quot;w&quot;:92,&quot;h&quot;:18,&quot;abs_x&quot;:387,&quot;abs_y&quot;:1271}\">Rafael Nadal<\/strong>. Comienza dentro de muy poquito la Ryder Cup, evento distintivo del golf, y espa\u00f1ol y suizo decidieron compartir algunas instant\u00e1neas de su \u00faltimo encuentro, en los campos de golf y disfrutando de una buena ma\u00f1ana de deporte. Cu\u00e1nto los echamos de menos.<\/p>\n<blockquote bis_size=\"{&quot;x&quot;:18,&quot;y&quot;:92,&quot;w&quot;:1176,&quot;h&quot;:98,&quot;abs_x&quot;:218,&quot;abs_y&quot;:1332}\" class=\"twitter-tweet\" data-media-max-width=\"560\">\n<p bis_size=\"{&quot;x&quot;:29,&quot;y&quot;:101,&quot;w&quot;:674,&quot;h&quot;:79,&quot;abs_x&quot;:229,&quot;abs_y&quot;:1341}\" dir=\"ltr\" lang=\"en\" xml:lang=\"en\">The <a bis_size=\"{&quot;x&quot;:80,&quot;y&quot;:101,&quot;w&quot;:70,&quot;h&quot;:17,&quot;abs_x&quot;:280,&quot;abs_y&quot;:1341}\" href=\"https:\/\/twitter.com\/rydercup?ref_src=twsrc%5Etfw\" rel=\"nofollow noopener\" target=\"_blank\">@rydercup<\/a> \u26f3\ufe0f kicks off today in New York! We\u2019ll be enjoying it on \ud83d\udcfa, cheering for <a bis_size=\"{&quot;x&quot;:605,&quot;y&quot;:101,&quot;w&quot;:90,&quot;h&quot;:17,&quot;abs_x&quot;:805,&quot;abs_y&quot;:1341}\" href=\"https:\/\/twitter.com\/hashtag\/TeamEurope?src=hash&amp;ref_src=twsrc%5Etfw\" rel=\"nofollow noopener\" target=\"_blank\">#TeamEurope<\/a> !<\/p>\n<p>And we encourage you to enjoy this great sport with friends too! \ud83d\ude03<br bis_size=\"{&quot;x&quot;:455,&quot;y&quot;:143,&quot;w&quot;:0,&quot;h&quot;:16,&quot;abs_x&quot;:655,&quot;abs_y&quot;:1383}\"\/><br \/>\n\ud83d\udcaa\ud83c\udffc <a bis_size=\"{&quot;x&quot;:51,&quot;y&quot;:164,&quot;w&quot;:93,&quot;h&quot;:17,&quot;abs_x&quot;:251,&quot;abs_y&quot;:1404}\" href=\"https:\/\/twitter.com\/rogerfederer?ref_src=twsrc%5Etfw\" rel=\"nofollow noopener\" target=\"_blank\">@rogerfederer<\/a> \ud83d\udcaa\ud83c\udffc <a bis_size=\"{&quot;x&quot;:171,&quot;y&quot;:164,&quot;w&quot;:188,&quot;h&quot;:17,&quot;abs_x&quot;:371,&quot;abs_y&quot;:1404}\" href=\"https:\/\/t.co\/jdC0WngCEp\" rel=\"nofollow\">pic.twitter.com\/jdC0WngCEp<\/a><\/p>\n<p>\u2014 Rafa Nadal (@RafaelNadal) <a bis_size=\"{&quot;x&quot;:557,&quot;y&quot;:164,&quot;w&quot;:125,&quot;h&quot;:17,&quot;abs_x&quot;:757,&quot;abs_y&quot;:1404}\" href=\"https:\/\/twitter.com\/RafaelNadal\/status\/1971522596417208631?ref_src=twsrc%5Etfw\" rel=\"nofollow noopener\" target=\"_blank\">September 26, 2025<\/a><\/p><\/blockquote>\n<p><script async src=\"https:\/\/platform.twitter.com\/widgets.js\" charset=\"utf-8\"><\/script><\/p>\n","protected":false},"excerpt":{"rendered":"Streaming ATP Tokyo MD en directo \ud83c\udfbe Nakashima\/Tiafoe vs Nys\/Roger-Vasselin Entra aqu\u00ed y reg\u00edstrate en Bet365 Haz tu&hellip;\n","protected":false},"author":2,"featured_media":140747,"comment_status":"","ping_status":"","sticky":false,"template":"","format":"standard","meta":{"footnotes":""},"categories":[274],"tags":[168,25,24,23,167,327,326],"class_list":{"0":"post-140746","1":"post","2":"type-post","3":"status-publish","4":"format-standard","5":"has-post-thumbnail","7":"category-tenis","8":"tag-deportes","9":"tag-es","10":"tag-espana","11":"tag-spain","12":"tag-sports","13":"tag-tenis","14":"tag-tennis"},"share_on_mastodon":{"url":"","error":""},"_links":{"self":[{"href":"https:\/\/www.europesays.com\/es\/wp-json\/wp\/v2\/posts\/140746","targetHints":{"allow":["GET"]}}],"collection":[{"href":"https:\/\/www.europesays.com\/es\/wp-json\/wp\/v2\/posts"}],"about":[{"href":"https:\/\/www.europesays.com\/es\/wp-json\/wp\/v2\/types\/post"}],"author":[{"embeddable":true,"href":"https:\/\/www.europesays.com\/es\/wp-json\/wp\/v2\/users\/2"}],"replies":[{"embeddable":true,"href":"https:\/\/www.europesays.com\/es\/wp-json\/wp\/v2\/comments?post=140746"}],"version-history":[{"count":0,"href":"https:\/\/www.europesays.com\/es\/wp-json\/wp\/v2\/posts\/140746\/revisions"}],"wp:featuredmedia":[{"embeddable":true,"href":"https:\/\/www.europesays.com\/es\/wp-json\/wp\/v2\/media\/140747"}],"wp:attachment":[{"href":"https:\/\/www.europesays.com\/es\/wp-json\/wp\/v2\/media?parent=140746"}],"wp:term":[{"taxonomy":"category","embeddable":true,"href":"https:\/\/www.europesays.com\/es\/wp-json\/wp\/v2\/categories?post=140746"},{"taxonomy":"post_tag","embeddable":true,"href":"https:\/\/www.europesays.com\/es\/wp-json\/wp\/v2\/tags?post=140746"}],"curies":[{"name":"wp","href":"https:\/\/api.w.org\/{rel}","templated":true}]}}