{"id":140750,"date":"2025-09-26T19:10:08","date_gmt":"2025-09-26T19:10:08","guid":{"rendered":"https:\/\/www.europesays.com\/es\/140750\/"},"modified":"2025-09-26T19:10:08","modified_gmt":"2025-09-26T19:10:08","slug":"verstappen-se-prepara-para-correr-este-sabado-en-nurburgring","status":"publish","type":"post","link":"https:\/\/www.europesays.com\/es\/140750\/","title":{"rendered":"Verstappen se prepara para correr este s\u00e1bado en Nurburgring"},"content":{"rendered":"<p>Hace dos semanas, Verstappen se subi\u00f3 a un Porsche Cayman GT4 CS en el \u00abInfierno Verde\u00bb, el cl\u00e1sico circuito de N\u00fcrburgring, Alemania . Su objetivo era conseguir la mayor licencia posible en la pista suprema de los GT, para competir en la Serie Langstrecen (NLS). En este escenario, es clave la experiencia previa y el conocimiento del trazado, por eso el piloto de F\u00f3rmula 1 hizo este paso previo. Super\u00f3 con creces la prueba quedando a 15 segundos del poleman de su divisional, una buena actuaci\u00f3n contando las restricciones que pose\u00eda en el auto.<\/p>\n<p><img fetchpriority=\"high\" decoding=\"async\" class=\"alignnone size-medium wp-image-177746\" src=\"https:\/\/www.europesays.com\/es\/wp-content\/uploads\/2025\/09\/24h_Nurburgring_2024_2-400x267.jpg\" alt=\"\" width=\"400\" height=\"267\"  \/><\/p>\n<p>En el d\u00eda de hoy giro pensando en la clasificaci\u00f3n y carrera del d\u00eda s\u00e1bado, cuando finalmente podr\u00e1 competir al m\u00e1ximo. Correr\u00e1 con una Ferrari 296 GT3 del equipo suizo Emil Frey. Su compa\u00f1ero de equipo ser\u00e1 el ingl\u00e9s Chris Lulham y estar\u00e1n\u00a0 en la categor\u00eda SP9, que tiene autos como el Ford Mustang o el Aston Martin Vatnage GT3.<\/p>\n<p>\u00abCreo que\u00a0<b>en las carreras de resistencia existen muchas oportunidades para tener una buena carrera profesional. Centrarse ciegamente en la F1 puede ser un peligro<\/b>\u201d, aclar\u00f3 semanas atr\u00e1s en rueda de prensa tras girar por primera vez en un GT.<\/p>\n<p>Esta excursi\u00f3n por fuera de la F\u00f3rmula 1 abri\u00f3 rumores sobre si seguir\u00e1 corriendo en el monoplaza en un futuro. Incluso, creci\u00f3 el rumor de que pod\u00eda adquirir un equipo del MotoGP para introducirse desde un rol m\u00e1s de jefe en ese mundo. Sin embargo, fue el mismo Max quien se encarg\u00f3 de aclarar que seguir\u00e1 su carrera deportiva en la F1.<\/p>\n<p><strong>Horarios para ver a Max Verstappen en N\u00fcrburgring<\/strong><\/p>\n<p>Qualy\u00a0 04:30 AM<br \/>Formaci\u00f3n de parrilla\u00a0 07:00 AM<br \/>Carrera\u00a0 08:00 AM (4 horas)<\/p>\n","protected":false},"excerpt":{"rendered":"Hace dos semanas, Verstappen se subi\u00f3 a un Porsche Cayman GT4 CS en el \u00abInfierno Verde\u00bb, el cl\u00e1sico&hellip;\n","protected":false},"author":2,"featured_media":140751,"comment_status":"","ping_status":"","sticky":false,"template":"","format":"standard","meta":{"footnotes":""},"categories":[270],"tags":[168,25,24,306,271,272,2099,23,167],"class_list":{"0":"post-140750","1":"post","2":"type-post","3":"status-publish","4":"format-standard","5":"has-post-thumbnail","7":"category-formula-1","8":"tag-deportes","9":"tag-es","10":"tag-espana","11":"tag-f1","12":"tag-formula-1","13":"tag-formula1","14":"tag-max-verstappen","15":"tag-spain","16":"tag-sports"},"share_on_mastodon":{"url":"","error":""},"_links":{"self":[{"href":"https:\/\/www.europesays.com\/es\/wp-json\/wp\/v2\/posts\/140750","targetHints":{"allow":["GET"]}}],"collection":[{"href":"https:\/\/www.europesays.com\/es\/wp-json\/wp\/v2\/posts"}],"about":[{"href":"https:\/\/www.europesays.com\/es\/wp-json\/wp\/v2\/types\/post"}],"author":[{"embeddable":true,"href":"https:\/\/www.europesays.com\/es\/wp-json\/wp\/v2\/users\/2"}],"replies":[{"embeddable":true,"href":"https:\/\/www.europesays.com\/es\/wp-json\/wp\/v2\/comments?post=140750"}],"version-history":[{"count":0,"href":"https:\/\/www.europesays.com\/es\/wp-json\/wp\/v2\/posts\/140750\/revisions"}],"wp:featuredmedia":[{"embeddable":true,"href":"https:\/\/www.europesays.com\/es\/wp-json\/wp\/v2\/media\/140751"}],"wp:attachment":[{"href":"https:\/\/www.europesays.com\/es\/wp-json\/wp\/v2\/media?parent=140750"}],"wp:term":[{"taxonomy":"category","embeddable":true,"href":"https:\/\/www.europesays.com\/es\/wp-json\/wp\/v2\/categories?post=140750"},{"taxonomy":"post_tag","embeddable":true,"href":"https:\/\/www.europesays.com\/es\/wp-json\/wp\/v2\/tags?post=140750"}],"curies":[{"name":"wp","href":"https:\/\/api.w.org\/{rel}","templated":true}]}}