{"id":140758,"date":"2025-09-26T19:15:11","date_gmt":"2025-09-26T19:15:11","guid":{"rendered":"https:\/\/www.europesays.com\/es\/140758\/"},"modified":"2025-09-26T19:15:11","modified_gmt":"2025-09-26T19:15:11","slug":"fascist-yoga-el-libro-que-revela-los-vinculos-entre-el-yoga-y-movimientos-extremistas","status":"publish","type":"post","link":"https:\/\/www.europesays.com\/es\/140758\/","title":{"rendered":"\u201cFascist Yoga\u201d: el libro que revela los v\u00ednculos entre el yoga y movimientos extremistas"},"content":{"rendered":"<p class=\"article-body__paragraph\"><b>Stewart Home<\/b> (63 a\u00f1os) no es un escritor londinense cualquiera. <\/p>\n<p class=\"article-body__paragraph\">Dramaturgo, activista y autor de novelas pulp que retrataron la crudeza del Londres de los setenta, se ha ganado fama por hablar sin rodeos y por desarmar, con iron\u00eda y cr\u00edtica, los relatos culturales dominantes. <\/p>\n<p class=\"article-body__paragraph\">Ahora lo vuelve a hacer con Fascist Yoga, un <a href=\"https:\/\/www.latercera.com\/etiqueta\/libro\" target=\"_self\" rel=\"nofollow noopener\" title=\"https:\/\/www.latercera.com\/etiqueta\/libro\">libro<\/a> cuyo t\u00edtulo ya anticipa pol\u00e9mica y que el medio espa\u00f1ol El Pa\u00eds ha analizado en uno de sus art\u00edculos.<\/p>\n<p><img alt=\"\" class=\"global-image\" decoding=\"async\"  src=\"https:\/\/www.europesays.com\/es\/wp-content\/uploads\/2025\/09\/ZMOEZH2DFFFRLFVRARELIKKZBY.jpg\"  fetchpriority=\"low\" loading=\"lazy\"\/>\u201cFascist Yoga\u201d: el libro que revela los v\u00ednculos entre el yoga y movimientos extremistas la-tercera El origen del yoga<\/p>\n<p class=\"article-body__paragraph\">El ensayo parte de una premisa provocadora: lo que en Occidente se entiende hoy como <a href=\"https:\/\/www.latercera.com\/etiqueta\/yoga\" target=\"_self\" rel=\"nofollow noopener\" title=\"https:\/\/www.latercera.com\/etiqueta\/yoga\">yoga<\/a> no tiene tanto de milenario ni de espiritual, sino que hunde sus ra\u00edces en la gimnasia europea del siglo XIX. <\/p>\n<p class=\"article-body__paragraph\">\u201cEl yoga moderno occidental es gimnasia europea del siglo XIX con un toque de polvo de hadas orientalista. Tiene unos 120 a\u00f1os y es muy diferente del yoga meditativo practicado en la antigua India\u201d, explic\u00f3 Home en entrevista con El Pa\u00eds.<\/p>\n<p class=\"article-body__paragraph\">Desde esa base, el autor conecta la historia de la pr\u00e1ctica postural con figuras y movimientos extremistas que ayudaron a difundirla en la primera mitad del siglo XX.<\/p>\n<p><img alt=\"\" class=\"global-image\" decoding=\"async\"  src=\"https:\/\/www.europesays.com\/es\/wp-content\/uploads\/2025\/09\/A2FGHJHUW5D2FOVPB35MJU3MAA.jpg\"  fetchpriority=\"low\" loading=\"lazy\"\/>\u201cFascist Yoga\u201d: el libro que revela los v\u00ednculos entre el yoga y movimientos extremistas la-tercera <\/p>\n<p class=\"article-body__paragraph\">\u201cSab\u00eda de <a href=\"https:\/\/www.latercera.com\/etiqueta\/fascismo\" target=\"_self\" rel=\"nofollow noopener\" title=\"https:\/\/www.latercera.com\/etiqueta\/fascismo\">fascistas<\/a> interesados en el tarot y otras formas de espiritualidad y religi\u00f3n (&#8230;). Me sorprendi\u00f3 descubrir que no solo hab\u00eda m\u00e1s yoguis fascistas y supremacistas blancos, sino que algunos de ellos hab\u00edan desempe\u00f1ado un papel clave en la difusi\u00f3n del yoga moderno\u201d, a\u00f1adi\u00f3.<\/p>\n<p class=\"article-body__paragraph\">En sus p\u00e1ginas aparecen personajes como la francesa Maximiani Julia Portas, conocida como Savitri Devi, que lleg\u00f3 a sostener que Hitler era una encarnaci\u00f3n divina, mezclando ocultismo, ecolog\u00eda y nacionalismo. <\/p>\n<p>Recorrido del yoga<\/p>\n<p class=\"article-body__paragraph\">Tambi\u00e9n se revisa c\u00f3mo el yoga fue reapropiado en la India contempor\u00e1nea bajo el liderazgo de Narendra Modi, donde se entrelazan tradici\u00f3n, pol\u00edtica y nacionalismo religioso.<\/p>\n<p class=\"article-body__paragraph\">La investigaci\u00f3n de Home sigue un recorrido que arranca en California a principios del siglo XX, pasa por el nazismo y se extiende hasta la alt-right estadounidense actual. <\/p>\n<p class=\"article-body__paragraph\">Incluso llega al presente pol\u00edtico norteamericano, donde sit\u00faa al secretario de Salud <b>Robert F. Kennedy<\/b> hijo y su entorno antivacunas como ejemplo de c\u00f3mo ciertos discursos de \u201cbienestar\u201d se han cruzado con posiciones conspirativas y radicales.<\/p>\n<p class=\"article-body__paragraph\">El libro no ha dejado indiferente a nadie: ha molestado a practicantes de yoga que creen que el autor acusa a toda la disciplina de ser fascista, y ha fascinado a quienes ven en su relato una invitaci\u00f3n a repensar la historia cultural de Occidente. <\/p>\n<p><img alt=\"\" class=\"global-image\" decoding=\"async\"  src=\"https:\/\/www.europesays.com\/es\/wp-content\/uploads\/2025\/09\/YERVRUD365DYHAEJO33G5LZQAY.jpg\"  fetchpriority=\"low\" loading=\"lazy\"\/>\u201cFascist Yoga\u201d: el libro que revela los v\u00ednculos entre el yoga y movimientos extremistas <\/p>\n<p class=\"article-body__paragraph\">Home responde con claridad: \u201cNo estoy diciendo que todo el yoga sea fascista ni que todos los yoguis lo sean, pero hay aficionados que quieren fingir que eso es lo que digo para proteger su subcultura de cualquier aproximaci\u00f3n cr\u00edtica\u201d.<\/p>\n<p class=\"article-body__paragraph\">M\u00e1s all\u00e1 del debate sobre posturas y mantras, el escritor insiste en un punto: la desinformaci\u00f3n en torno a la salud est\u00e1 saturada de ocultismo y eso, asegura, resulta m\u00e1s peligroso que los v\u00ednculos hist\u00f3ricos entre yoga y extrema derecha.<\/p>\n","protected":false},"excerpt":{"rendered":"Stewart Home (63 a\u00f1os) no es un escritor londinense cualquiera. Dramaturgo, activista y autor de novelas pulp que&hellip;\n","protected":false},"author":2,"featured_media":140759,"comment_status":"","ping_status":"","sticky":false,"template":"","format":"standard","meta":{"footnotes":""},"categories":[172],"tags":[224,146,147,25,24,38882,25698,448,1496,225,952,23,43846,19014,43847],"class_list":{"0":"post-140758","1":"post","2":"type-post","3":"status-publish","4":"format-standard","5":"has-post-thumbnail","7":"category-libros","8":"tag-books","9":"tag-entertainment","10":"tag-entretenimiento","11":"tag-es","12":"tag-espana","13":"tag-extremismo","14":"tag-fascismo","15":"tag-historia","16":"tag-libro","17":"tag-libros","18":"tag-politica","19":"tag-spain","20":"tag-stewart-home","21":"tag-yoga","22":"tag-yoguis"},"share_on_mastodon":{"url":"","error":""},"_links":{"self":[{"href":"https:\/\/www.europesays.com\/es\/wp-json\/wp\/v2\/posts\/140758","targetHints":{"allow":["GET"]}}],"collection":[{"href":"https:\/\/www.europesays.com\/es\/wp-json\/wp\/v2\/posts"}],"about":[{"href":"https:\/\/www.europesays.com\/es\/wp-json\/wp\/v2\/types\/post"}],"author":[{"embeddable":true,"href":"https:\/\/www.europesays.com\/es\/wp-json\/wp\/v2\/users\/2"}],"replies":[{"embeddable":true,"href":"https:\/\/www.europesays.com\/es\/wp-json\/wp\/v2\/comments?post=140758"}],"version-history":[{"count":0,"href":"https:\/\/www.europesays.com\/es\/wp-json\/wp\/v2\/posts\/140758\/revisions"}],"wp:featuredmedia":[{"embeddable":true,"href":"https:\/\/www.europesays.com\/es\/wp-json\/wp\/v2\/media\/140759"}],"wp:attachment":[{"href":"https:\/\/www.europesays.com\/es\/wp-json\/wp\/v2\/media?parent=140758"}],"wp:term":[{"taxonomy":"category","embeddable":true,"href":"https:\/\/www.europesays.com\/es\/wp-json\/wp\/v2\/categories?post=140758"},{"taxonomy":"post_tag","embeddable":true,"href":"https:\/\/www.europesays.com\/es\/wp-json\/wp\/v2\/tags?post=140758"}],"curies":[{"name":"wp","href":"https:\/\/api.w.org\/{rel}","templated":true}]}}