{"id":140782,"date":"2025-09-26T19:28:10","date_gmt":"2025-09-26T19:28:10","guid":{"rendered":"https:\/\/www.europesays.com\/es\/140782\/"},"modified":"2025-09-26T19:28:10","modified_gmt":"2025-09-26T19:28:10","slug":"triunfos-de-cid-de-maria-y-nacho-torrejon-en-azuqueca-de-henares-cuatro-orejas-en-ayllon","status":"publish","type":"post","link":"https:\/\/www.europesays.com\/es\/140782\/","title":{"rendered":"Triunfos de Cid de Mar\u00eda y Nacho Torrej\u00f3n en Azuqueca de Henares; cuatro orejas en Ayll\u00f3n&#8230;"},"content":{"rendered":"<p><strong>Azuqueca de Henares (Guadalajara)<\/strong>. Viernes 26 de septiembre de 2025. Novillos de <strong>Luis Algarra<\/strong>. <strong>Sergio S\u00e1nchez<\/strong>, silencio y silencio; <strong>Cid de Mar\u00eda<\/strong>, dos orejas y dos orejas y rabo; <strong>Nacho Torrej\u00f3n<\/strong>. dos orejas y oreja.<\/p>\n<p><strong>Ayll\u00f3n (Segovia)<\/strong>. Viernes 26 de septiembre de 2025. Novillos de <strong>Cebada Gago<\/strong>. <strong>Pedro Andr\u00e9s<\/strong>, silencio y dos orejas; <strong>Tom\u00e1s Gonz\u00e1lez<\/strong>, oreja y oreja; y<strong> Joselito de C\u00f3rdoba<\/strong>, silencio y ovaci\u00f3n.<\/p>\n","protected":false},"excerpt":{"rendered":"Azuqueca de Henares (Guadalajara). Viernes 26 de septiembre de 2025. Novillos de Luis Algarra. Sergio S\u00e1nchez, silencio y&hellip;\n","protected":false},"author":2,"featured_media":140783,"comment_status":"","ping_status":"","sticky":false,"template":"","format":"standard","meta":{"footnotes":""},"categories":[277],"tags":[45,10430,30171,373,9517,15807,168,25,24,439,43848,43849,24043,10,1226,1227,43850,1406,22288,23,167,625,31478,374,444],"class_list":{"0":"post-140782","1":"post","2":"type-post","3":"status-publish","4":"format-standard","5":"has-post-thumbnail","7":"category-toreo","8":"tag-45","9":"tag-ayllon","10":"tag-azuqueca-de-henares","11":"tag-bullfighting","12":"tag-cebada-gago","13":"tag-cid-de-maria","14":"tag-deportes","15":"tag-es","16":"tag-espana","17":"tag-guadalajara","18":"tag-joselito-de-cordoba","19":"tag-luis-algarra","20":"tag-nacho-torrejon","21":"tag-noticias","22":"tag-noticias-de-toros","23":"tag-noticias-taurinas","24":"tag-pedro-andres","25":"tag-segovia","26":"tag-sergio-sanchez","27":"tag-spain","28":"tag-sports","29":"tag-tauromaquia","30":"tag-tomas-gonzalez","31":"tag-toreo","32":"tag-toros"},"share_on_mastodon":{"url":"","error":""},"_links":{"self":[{"href":"https:\/\/www.europesays.com\/es\/wp-json\/wp\/v2\/posts\/140782","targetHints":{"allow":["GET"]}}],"collection":[{"href":"https:\/\/www.europesays.com\/es\/wp-json\/wp\/v2\/posts"}],"about":[{"href":"https:\/\/www.europesays.com\/es\/wp-json\/wp\/v2\/types\/post"}],"author":[{"embeddable":true,"href":"https:\/\/www.europesays.com\/es\/wp-json\/wp\/v2\/users\/2"}],"replies":[{"embeddable":true,"href":"https:\/\/www.europesays.com\/es\/wp-json\/wp\/v2\/comments?post=140782"}],"version-history":[{"count":0,"href":"https:\/\/www.europesays.com\/es\/wp-json\/wp\/v2\/posts\/140782\/revisions"}],"wp:featuredmedia":[{"embeddable":true,"href":"https:\/\/www.europesays.com\/es\/wp-json\/wp\/v2\/media\/140783"}],"wp:attachment":[{"href":"https:\/\/www.europesays.com\/es\/wp-json\/wp\/v2\/media?parent=140782"}],"wp:term":[{"taxonomy":"category","embeddable":true,"href":"https:\/\/www.europesays.com\/es\/wp-json\/wp\/v2\/categories?post=140782"},{"taxonomy":"post_tag","embeddable":true,"href":"https:\/\/www.europesays.com\/es\/wp-json\/wp\/v2\/tags?post=140782"}],"curies":[{"name":"wp","href":"https:\/\/api.w.org\/{rel}","templated":true}]}}