{"id":140784,"date":"2025-09-26T19:30:10","date_gmt":"2025-09-26T19:30:10","guid":{"rendered":"https:\/\/www.europesays.com\/es\/140784\/"},"modified":"2025-09-26T19:30:10","modified_gmt":"2025-09-26T19:30:10","slug":"el-campeon-mundial-de-golf-que-eligio-a-rd-como-su-casa","status":"publish","type":"post","link":"https:\/\/www.europesays.com\/es\/140784\/","title":{"rendered":"El campe\u00f3n mundial de golf que eligi\u00f3 a RD como su casa"},"content":{"rendered":"<p>Miguel \u00c1ngel Jim\u00e9nez ha recorrido el mundo entero con un palo de golf en la mano. Ha ganado 21 t\u00edtulos en el European Tour y siete en el PGA TOUR Champions. Ha jugado en los campos m\u00e1s prestigiosos del planeta y ha compartido escenarios con las grandes leyendas del deporte.<\/p>\n<p>Y, sin embargo, lo que hoy lo maravilla est\u00e1 m\u00e1s cerca de lo que muchos imaginan: los campos de golf de Rep\u00fablica Dominicana.<\/p>\n<p>El pasado s\u00e1bado, el veterano espa\u00f1ol visit\u00f3 el Vistas Golf Country Club, un exclusivo escenario dise\u00f1ado por Greg Norman, donde disput\u00f3 una partida a 18 hoyos y comparti\u00f3 charlas con socios del club.<\/p>\n<p>Para Jim\u00e9nez, que lleva d\u00e9cadas vinculado al golf profesional, la experiencia reafirma una convicci\u00f3n: el golf dominicano ha crecido de manera sorprendente.<\/p>\n<p>\u201cEn los \u00faltimos a\u00f1os, este pa\u00eds ha dado un salto enorme. Aqu\u00ed hay campos de primer nivel. Solo hay que ir a Punta Cana, La Romana o a este mismo Vistas Golf Country Club para comprobarlo. Aqu\u00ed lo tenemos todo\u201d, expres\u00f3 Jim\u00e9nez al List\u00edn Diario.<\/p>\n<p>El comentario no es menor. En los \u00faltimos a\u00f1os, el pa\u00eds se ha consolidado como destino de golf para celebridades y atletas internacionales. Figuras de la talla de Michael Jordan, LeBron James o el actor Dwayne Johnson, entre muchos otros famosos, han visitado el pa\u00eds para disfrutar de sus campos, lo que confirma la proyecci\u00f3n de la isla como referencia del golf en el Caribe.<\/p>\n<p>Pero, m\u00e1s all\u00e1 de los elogios, \u00bfqu\u00e9 mantiene en pie la motivaci\u00f3n de un hombre que lo ha ganado pr\u00e1cticamente todo en el golf Jim\u00e9nez lo tiene claro\u2026<\/p>\n<p>\u201cEl golf es mi pasi\u00f3n. La gente que me conoce sabe que, aparte del vino y los puros, lo que me da vida es el golf. Mientras tenga salud, seguir\u00e9 jugando\u201d, afirma el campe\u00f3n.<\/p>\n<p>El espa\u00f1ol, conocido por su estilo carism\u00e1tico y su disciplina, asegura que parte de su vitalidad viene de mantenerse en forma y preparar cada ronda como si fuera la primera.<\/p>\n<p>\u201cEstirarme, entrenar, cuidarme antes de cada juego, todo eso me regenera, me alegra la vida\u201d, a\u00f1adi\u00f3.<\/p>\n<p>Desde hace siete a\u00f1os, Jim\u00e9nez tiene residencia en una villa de Casa de Campo. Y seg\u00fan confes\u00f3, no piensa cambiarla.<\/p>\n<p>\u201cAqu\u00ed encuentro todo: calidad de vida, hospitalidad y golf\u201d, coment\u00f3 con una sonrisa.<\/p>\n<p>Su visita al Vistas Golf Country Club fue otra muestra del lazo especial que lo une al pa\u00eds. En un escenario \u00fanico, rodeado de entusiastas del golf, Jim\u00e9nez no solo demostr\u00f3 su talento en el campo, sino tambi\u00e9n su admiraci\u00f3n por un deporte que, en Rep\u00fablica Dominicana, sigue creciendo a pasos agigantados.<\/p>\n","protected":false},"excerpt":{"rendered":"Miguel \u00c1ngel Jim\u00e9nez ha recorrido el mundo entero con un palo de golf en la mano. Ha ganado&hellip;\n","protected":false},"author":2,"featured_media":140785,"comment_status":"","ping_status":"","sticky":false,"template":"","format":"standard","meta":{"footnotes":""},"categories":[275],"tags":[168,25,24,329,23,167],"class_list":{"0":"post-140784","1":"post","2":"type-post","3":"status-publish","4":"format-standard","5":"has-post-thumbnail","7":"category-golf","8":"tag-deportes","9":"tag-es","10":"tag-espana","11":"tag-golf","12":"tag-spain","13":"tag-sports"},"share_on_mastodon":{"url":"","error":""},"_links":{"self":[{"href":"https:\/\/www.europesays.com\/es\/wp-json\/wp\/v2\/posts\/140784","targetHints":{"allow":["GET"]}}],"collection":[{"href":"https:\/\/www.europesays.com\/es\/wp-json\/wp\/v2\/posts"}],"about":[{"href":"https:\/\/www.europesays.com\/es\/wp-json\/wp\/v2\/types\/post"}],"author":[{"embeddable":true,"href":"https:\/\/www.europesays.com\/es\/wp-json\/wp\/v2\/users\/2"}],"replies":[{"embeddable":true,"href":"https:\/\/www.europesays.com\/es\/wp-json\/wp\/v2\/comments?post=140784"}],"version-history":[{"count":0,"href":"https:\/\/www.europesays.com\/es\/wp-json\/wp\/v2\/posts\/140784\/revisions"}],"wp:featuredmedia":[{"embeddable":true,"href":"https:\/\/www.europesays.com\/es\/wp-json\/wp\/v2\/media\/140785"}],"wp:attachment":[{"href":"https:\/\/www.europesays.com\/es\/wp-json\/wp\/v2\/media?parent=140784"}],"wp:term":[{"taxonomy":"category","embeddable":true,"href":"https:\/\/www.europesays.com\/es\/wp-json\/wp\/v2\/categories?post=140784"},{"taxonomy":"post_tag","embeddable":true,"href":"https:\/\/www.europesays.com\/es\/wp-json\/wp\/v2\/tags?post=140784"}],"curies":[{"name":"wp","href":"https:\/\/api.w.org\/{rel}","templated":true}]}}