{"id":140801,"date":"2025-09-26T19:40:13","date_gmt":"2025-09-26T19:40:13","guid":{"rendered":"https:\/\/www.europesays.com\/es\/140801\/"},"modified":"2025-09-26T19:40:13","modified_gmt":"2025-09-26T19:40:13","slug":"maluma-en-premios-juventud-2025-el-nuevo-sencillo-bronceador-en-su-show-completo-premios-juventud","status":"publish","type":"post","link":"https:\/\/www.europesays.com\/es\/140801\/","title":{"rendered":"Maluma en Premios Juventud 2025: el nuevo sencillo &#8216;Bronceador&#8217; en su show completo | Premios Juventud"},"content":{"rendered":"<p>Adem\u00e1s de las cuatro nominaciones en esta edici\u00f3n de la fiesta m\u00e1s hot del a\u00f1o entre las que destacan La Mezcla Perfecta y Mejor Urban Track, el artista colombiano tambi\u00e9n engalan\u00f3 el escenario con su m\u00fasica. En su regreso a la celebraci\u00f3n, Maluma le puso mucho ritmo a Premios Juventud 2025 con su nueva canci\u00f3n &#8216;Bronceador&#8217;. <\/p>\n<p>Entra ya a <b><a href=\"https:\/\/vix.com\/es-es\/canales?utm_medium=internal_referral&amp;utm_source=univision&amp;utm_campaign=evergreen&amp;utm_content=ed_entertainment&amp;utm_term=video\" target=\"_blank\" link-data=\"{&quot;cms.content.publishDate&quot;:1716923178330,&quot;cms.content.publishUser&quot;:{&quot;_ref&quot;:&quot;0000018c-3ae2-d239-a7fe-beff3b5a0002&quot;,&quot;_type&quot;:&quot;6aa69ae1-35be-30dc-87e9-410da9e1cdcc&quot;},&quot;cms.content.updateDate&quot;:1716923178330,&quot;cms.content.updateUser&quot;:{&quot;_ref&quot;:&quot;0000018c-3ae2-d239-a7fe-beff3b5a0002&quot;,&quot;_type&quot;:&quot;6aa69ae1-35be-30dc-87e9-410da9e1cdcc&quot;},&quot;link&quot;:{&quot;target&quot;:&quot;NEW&quot;,&quot;attributes&quot;:[],&quot;url&quot;:&quot;https:\/\/vix.com\/es-es\/canales?utm_medium=internal_referral&amp;utm_source=univision&amp;utm_campaign=evergreen&amp;utm_content=ed_entertainment&amp;utm_term=video&quot;,&quot;_id&quot;:&quot;0000018f-c098-db48-a1ff-c69f81760000&quot;,&quot;_type&quot;:&quot;ff658216-e70f-39d0-b660-bdfe57a5599a&quot;},&quot;linkText&quot;:&quot;ViX&quot;,&quot;_id&quot;:&quot;0000018f-c098-db48-a1ff-c69f81720000&quot;,&quot;_type&quot;:&quot;809caec9-30e2-3666-8b71-b32ddbffc288&quot;}\" style=\"box-sizing: border-box; color: rgb(120, 79, 222) !important; text-decoration: none; background-color: transparent;\" rel=\"nofollow noopener\">ViX<\/a><\/b>, entretenimiento sin l\u00edmites, con m\u00e1s de 100 canales, gratis y en espa\u00f1ol.<\/p>\n","protected":false},"excerpt":{"rendered":"Adem\u00e1s de las cuatro nominaciones en esta edici\u00f3n de la fiesta m\u00e1s hot del a\u00f1o entre las que&hellip;\n","protected":false},"author":2,"featured_media":140802,"comment_status":"","ping_status":"","sticky":false,"template":"","format":"standard","meta":{"footnotes":""},"categories":[170],"tags":[43855,146,147,25,24,34529,28543,184,185,43857,43859,43858,33635,23,43856],"class_list":{"0":"post-140801","1":"post","2":"type-post","3":"status-publish","4":"format-standard","5":"has-post-thumbnail","7":"category-musica","8":"tag-agent-of-change","9":"tag-entertainment","10":"tag-entretenimiento","11":"tag-es","12":"tag-espana","13":"tag-exclusive","14":"tag-maluma","15":"tag-music","16":"tag-musica","17":"tag-performancespj2025","18":"tag-pj","19":"tag-pkgs-musicals","20":"tag-premios-juventud","21":"tag-spain","22":"tag-tributes"},"share_on_mastodon":{"url":"","error":""},"_links":{"self":[{"href":"https:\/\/www.europesays.com\/es\/wp-json\/wp\/v2\/posts\/140801","targetHints":{"allow":["GET"]}}],"collection":[{"href":"https:\/\/www.europesays.com\/es\/wp-json\/wp\/v2\/posts"}],"about":[{"href":"https:\/\/www.europesays.com\/es\/wp-json\/wp\/v2\/types\/post"}],"author":[{"embeddable":true,"href":"https:\/\/www.europesays.com\/es\/wp-json\/wp\/v2\/users\/2"}],"replies":[{"embeddable":true,"href":"https:\/\/www.europesays.com\/es\/wp-json\/wp\/v2\/comments?post=140801"}],"version-history":[{"count":0,"href":"https:\/\/www.europesays.com\/es\/wp-json\/wp\/v2\/posts\/140801\/revisions"}],"wp:featuredmedia":[{"embeddable":true,"href":"https:\/\/www.europesays.com\/es\/wp-json\/wp\/v2\/media\/140802"}],"wp:attachment":[{"href":"https:\/\/www.europesays.com\/es\/wp-json\/wp\/v2\/media?parent=140801"}],"wp:term":[{"taxonomy":"category","embeddable":true,"href":"https:\/\/www.europesays.com\/es\/wp-json\/wp\/v2\/categories?post=140801"},{"taxonomy":"post_tag","embeddable":true,"href":"https:\/\/www.europesays.com\/es\/wp-json\/wp\/v2\/tags?post=140801"}],"curies":[{"name":"wp","href":"https:\/\/api.w.org\/{rel}","templated":true}]}}