{"id":140815,"date":"2025-09-26T19:47:14","date_gmt":"2025-09-26T19:47:14","guid":{"rendered":"https:\/\/www.europesays.com\/es\/140815\/"},"modified":"2025-09-26T19:47:14","modified_gmt":"2025-09-26T19:47:14","slug":"el-papa-nombra-el-nuevo-prefecto-del-dicasterio-para-los-obispos-y-la-cal","status":"publish","type":"post","link":"https:\/\/www.europesays.com\/es\/140815\/","title":{"rendered":"El Papa nombra el nuevo Prefecto del Dicasterio para los Obispos y la CAL"},"content":{"rendered":"<p>El Santo Padre Le\u00f3n XIV ha nombrado como Prefecto del Dicasterio para los Obispos y Presidente de la Comisi\u00f3n Pontificia para Am\u00e9rica Latina (CAL) a monse\u00f1or Filippo Iannone, O. Carm.<\/p>\n<p><b>Vatican News<\/b><\/p>\n<p>La Oficina de Prensa de la Santa Sede ha publicado en su <a href=\"https:\/\/press.vatican.va\/content\/salastampa\/it\/bollettino\/pubblico\/2025\/09\/26\/0674\/01198.html\" rel=\"external nofollow noopener\" target=\"_blank\">bolet\u00edn de este 26 de septiembre<\/a> que \u201cel Santo Padre ha nombrado Prefecto del Dicasterio para los Obispos y Presidente de la Comisi\u00f3n Pontificia para Am\u00e9rica Latina a Su Excelencia Reverend\u00edsima monse\u00f1or Filippo Iannone, O. Carm., hasta ahora Prefecto del Dicasterio para los Textos Legislativos. Tomar\u00e1 posesi\u00f3n del cargo el pr\u00f3ximo 15 de octubre de 2025\u201d.<\/p>\n<p>Tambi\u00e9n el Sumo Pont\u00edfice ha confirmado por otros cinco a\u00f1os como secretario del Dicasterio para los Obispos a Su Excelencia Reverend\u00edsima monse\u00f1or Ilson de Jes\u00fas Montanari.<\/p>\n<p>Y de igual modo Su Santidad Le\u00f3n XIV ha confirmado por cinco a\u00f1os a monse\u00f1or Ivan Kova\u010d como subsecretario del mismo Dicasterio.<\/p>\n","protected":false},"excerpt":{"rendered":"El Santo Padre Le\u00f3n XIV ha nombrado como Prefecto del Dicasterio para los Obispos y Presidente de la&hellip;\n","protected":false},"author":2,"featured_media":140816,"comment_status":"","ping_status":"","sticky":false,"template":"","format":"standard","meta":{"footnotes":""},"categories":[42],"tags":[17,18,40402,43861,13,14,11,61,62,63,64,19,20,9,7520,10,15,16,18386,400,12631,12,21,22,65,66,67],"class_list":{"0":"post-140815","1":"post","2":"type-post","3":"status-publish","4":"format-standard","5":"has-post-thumbnail","7":"category-internacional","8":"tag-breaking-news","9":"tag-breakingnews","10":"tag-curia-romana","11":"tag-dicasterio","12":"tag-featured-news","13":"tag-featurednews","14":"tag-headlines","15":"tag-internacional","16":"tag-international","17":"tag-international-news","18":"tag-internationalnews","19":"tag-latest-news","20":"tag-latestnews","21":"tag-news","22":"tag-nombramientos","23":"tag-noticias","24":"tag-noticias-destacadas","25":"tag-noticiasdestacadas","26":"tag-obispos","27":"tag-papa-leon-xiv","28":"tag-santa-sede","29":"tag-titulares","30":"tag-ultimas-noticias","31":"tag-ultimasnoticias","32":"tag-world","33":"tag-world-news","34":"tag-worldnews"},"share_on_mastodon":{"url":"","error":""},"_links":{"self":[{"href":"https:\/\/www.europesays.com\/es\/wp-json\/wp\/v2\/posts\/140815","targetHints":{"allow":["GET"]}}],"collection":[{"href":"https:\/\/www.europesays.com\/es\/wp-json\/wp\/v2\/posts"}],"about":[{"href":"https:\/\/www.europesays.com\/es\/wp-json\/wp\/v2\/types\/post"}],"author":[{"embeddable":true,"href":"https:\/\/www.europesays.com\/es\/wp-json\/wp\/v2\/users\/2"}],"replies":[{"embeddable":true,"href":"https:\/\/www.europesays.com\/es\/wp-json\/wp\/v2\/comments?post=140815"}],"version-history":[{"count":0,"href":"https:\/\/www.europesays.com\/es\/wp-json\/wp\/v2\/posts\/140815\/revisions"}],"wp:featuredmedia":[{"embeddable":true,"href":"https:\/\/www.europesays.com\/es\/wp-json\/wp\/v2\/media\/140816"}],"wp:attachment":[{"href":"https:\/\/www.europesays.com\/es\/wp-json\/wp\/v2\/media?parent=140815"}],"wp:term":[{"taxonomy":"category","embeddable":true,"href":"https:\/\/www.europesays.com\/es\/wp-json\/wp\/v2\/categories?post=140815"},{"taxonomy":"post_tag","embeddable":true,"href":"https:\/\/www.europesays.com\/es\/wp-json\/wp\/v2\/tags?post=140815"}],"curies":[{"name":"wp","href":"https:\/\/api.w.org\/{rel}","templated":true}]}}