{"id":140817,"date":"2025-09-26T19:48:27","date_gmt":"2025-09-26T19:48:27","guid":{"rendered":"https:\/\/www.europesays.com\/es\/140817\/"},"modified":"2025-09-26T19:48:27","modified_gmt":"2025-09-26T19:48:27","slug":"benidorm-logra-el-premi-turisme-comunitat-valencia-como-destino-turistico-de-excelencia","status":"publish","type":"post","link":"https:\/\/www.europesays.com\/es\/140817\/","title":{"rendered":"Benidorm logra el \u2018Premi Turisme Comunitat Valencia\u2019 como Destino Tur\u00edstico de Excelencia"},"content":{"rendered":"<p>La ciudad de Benidorm ha logrado el \u2018Premi Turisme Comunitat Valenciana\u2019 en la categor\u00eda de Destino Tur\u00edstico de Excelencia. La alcaldesa en funciones, Ana Pellicer, ha recogido hoy este galard\u00f3n de manos del presidente de la Generalitat Valenciana, Carlos Maz\u00f3n, y en presencia de la consellera de Innovaci\u00f3n, Industria, Comercio y Turismo, Marian Cano, en un acto celebrado en el centro Bombas Gens d\u2019Arts Digitals de Val\u00e8ncia, al que tambi\u00e9n ha asistido el segundo teniente de alcalde y diputado auton\u00f3mico, Jos\u00e9 Ram\u00f3n Gonz\u00e1lez de Z\u00e1rate.\u00a0<\/p>\n<p>Pellicer ha recordado que \u201ccasi un siglo atr\u00e1s, Benidorm decidi\u00f3 dedicarse en cuerpo y alma al turismo\u201d, alumbrando en 1956 \u201cel ya m\u00edtico primer Plan General que orden\u00f3 nuestro desarrollo camino a la excelencia\u201d. Desde ese momento, \u201cBenidorm ha ido adecu\u00e1ndose a las realidades del turismo\u201d, convirti\u00e9ndose en 2018 en el primer Destino Tur\u00edstico Inteligente (DTI) certificado del mundo. Siete a\u00f1os despu\u00e9s, en este 2025, la Comisi\u00f3n Europea ha reconocido a la ciudad como Green Pioneer of Smart Tourism.<\/p>\n<p>La alcaldesa en funciones ha asegurado que todas estas metas y reconocimientos los consigue Benidorm por \u201cel trabajo en equipo entre la ciudad, el sector tur\u00edstico, -en todas sus variantes- y el Ayuntamiento\u201d, cumpliendo as\u00ed \u201cel Objetivo de Desarrollo Sostenible n\u00famero 17: Alianzas para alcanzar objetivos\u201d.\u00a0<\/p>\n<p>Tras recoger el galard\u00f3n, Pellicer ha excusado la ausencia del alcalde, Toni P\u00e9rez, que se encuentra viajando a Jap\u00f3n, \u201cdonde Benidorm participa en el Foro de Turismo Uni\u00f3n Europea-Jap\u00f3n de la Expo Mundial Osaka 2025\u201d. A esta cita internacional se suma la de los pr\u00f3ximos d\u00edas 1 y 2 de octubre, cuando una delegaci\u00f3n encabezada por el alcalde defender\u00e1 en la capital de Lituania la candidatura de Benidorm al galard\u00f3n europeo Green Leaf 2027, al que la ciudad opta como finalista.\u00a0<\/p>\n<p>Por su parte, el presidente de la Generalitat ha agradecido a Benidorm por \u00abseguir abriendo vanguardias\u00bb; por \u00abense\u00f1ar que un destino como Benidorm pod\u00eda ser el primer Destino Tur\u00edstico Inteligente\u00bb certificado del mundo; por ser \u00abun modelo planificado, no improvisado\u00bb; por \u00abreinventarse todos los d\u00edas\u00bb; y por \u00abhaber ayudado\u00bb a que la Comunitat Valenciana est\u00e9 cerca de \u00abcumplir un a\u00f1o\u00bb como \u00abla primera regi\u00f3n europea en ser certificada por Aenor como destino sostenible\u00bb.<\/p>\n<p>Adem\u00e1s de Benidorm como Destino Tur\u00edstico de Excelencia, durante esta gala de los \u2018Premis Turisme Comunitat Valenciana\u2019 tambi\u00e9n han sido galardonados la Asociaci\u00f3n Empresarial Hotelera y Tur\u00edstica de la Comunitat Valenciana (Hosbec), con sede en Benidorm y que ha recibido el premio a la Comunicaci\u00f3n Tur\u00edstica por la campa\u00f1a \u2018Yo tambi\u00e9n soy turista\u2019; Jos\u00e9 Orts Serrano, con el premio a la Personalidad Tur\u00edstica; el Rototom Sunsplash en su 30\u00aa edici\u00f3n, con el premio a la Estrategia de Sostenibilidad Tur\u00edstica; y Gourmet Catering &amp; Eventos, con el premio al Capital Humano Tur\u00edstico. Igualmente, han recibido menciones especiales el Hotel Cap Negret, el Roig Arena y el conjunto del sector tur\u00edstico de la Comunitat Valenciana, en una menci\u00f3n especial colectiva por su solidaridad y capacidad de reacci\u00f3n tras la DANA.<\/p>\n","protected":false},"excerpt":{"rendered":"La ciudad de Benidorm ha logrado el \u2018Premi Turisme Comunitat Valenciana\u2019 en la categor\u00eda de Destino Tur\u00edstico de&hellip;\n","protected":false},"author":2,"featured_media":140818,"comment_status":"","ping_status":"","sticky":false,"template":"","format":"standard","meta":{"footnotes":""},"categories":[8],"tags":[17,18,25,24,13,14,11,19,20,9,10,15,16,43862,23,12,2506,4664,21,22],"class_list":{"0":"post-140817","1":"post","2":"type-post","3":"status-publish","4":"format-standard","5":"has-post-thumbnail","7":"category-espana","8":"tag-breaking-news","9":"tag-breakingnews","10":"tag-es","11":"tag-espana","12":"tag-featured-news","13":"tag-featurednews","14":"tag-headlines","15":"tag-latest-news","16":"tag-latestnews","17":"tag-news","18":"tag-noticias","19":"tag-noticias-destacadas","20":"tag-noticiasdestacadas","21":"tag-premios-turismo-comunidad-valenciana","22":"tag-spain","23":"tag-titulares","24":"tag-toni-perez","25":"tag-turismo","26":"tag-ultimas-noticias","27":"tag-ultimasnoticias"},"share_on_mastodon":{"url":"","error":""},"_links":{"self":[{"href":"https:\/\/www.europesays.com\/es\/wp-json\/wp\/v2\/posts\/140817","targetHints":{"allow":["GET"]}}],"collection":[{"href":"https:\/\/www.europesays.com\/es\/wp-json\/wp\/v2\/posts"}],"about":[{"href":"https:\/\/www.europesays.com\/es\/wp-json\/wp\/v2\/types\/post"}],"author":[{"embeddable":true,"href":"https:\/\/www.europesays.com\/es\/wp-json\/wp\/v2\/users\/2"}],"replies":[{"embeddable":true,"href":"https:\/\/www.europesays.com\/es\/wp-json\/wp\/v2\/comments?post=140817"}],"version-history":[{"count":0,"href":"https:\/\/www.europesays.com\/es\/wp-json\/wp\/v2\/posts\/140817\/revisions"}],"wp:featuredmedia":[{"embeddable":true,"href":"https:\/\/www.europesays.com\/es\/wp-json\/wp\/v2\/media\/140818"}],"wp:attachment":[{"href":"https:\/\/www.europesays.com\/es\/wp-json\/wp\/v2\/media?parent=140817"}],"wp:term":[{"taxonomy":"category","embeddable":true,"href":"https:\/\/www.europesays.com\/es\/wp-json\/wp\/v2\/categories?post=140817"},{"taxonomy":"post_tag","embeddable":true,"href":"https:\/\/www.europesays.com\/es\/wp-json\/wp\/v2\/tags?post=140817"}],"curies":[{"name":"wp","href":"https:\/\/api.w.org\/{rel}","templated":true}]}}