{"id":140825,"date":"2025-09-26T19:53:09","date_gmt":"2025-09-26T19:53:09","guid":{"rendered":"https:\/\/www.europesays.com\/es\/140825\/"},"modified":"2025-09-26T19:53:09","modified_gmt":"2025-09-26T19:53:09","slug":"murio-makena-white-novia-de-jake-knapp-jugador-del-pga-tour","status":"publish","type":"post","link":"https:\/\/www.europesays.com\/es\/140825\/","title":{"rendered":"muri\u00f3 Makena White, novia de Jake Knapp, jugador del PGA Tour"},"content":{"rendered":"<p data-gtm-element-container=\"modulo-texto-link\" class=\"paragraph\">La jornada inaugural de de la <strong><a href=\"https:\/\/www.mundodeportivo.com\/us\/mas-deporte\/20250925\/731221\/ryder-cup-2025-horarios-como-ver-nueva-edicion-prestigioso-torneo-golf.html\" title=\"Ryder Cup 2025: horarios y c\u00f3mo ver esta nueva edici\u00f3n del prestigioso torneo de golf\" rel=\"nofollow noopener\" target=\"_blank\">Ryder Cup<\/a><\/strong> se vio opacada por una noticia desgarradora para el mundo del golf y del deporte en general: <strong>Makena White, pareja del jugador del PGA Tour Jake Knapp, falleci\u00f3 a los 28 a\u00f1os<\/strong>.<\/p>\n<p>El emotivo texto de despedida para Makena White<\/p>\n<p data-gtm-element-container=\"modulo-texto-link\" class=\"paragraph\">El anuncio del deceso de <strong>Makena White<\/strong> fue realizado a trav\u00e9s de <strong>su cuenta oficial de Instagram<\/strong>, donde <strong>una amiga suya envi\u00f3 sus condolencias a sus familiares y amigos<\/strong>. Adem\u00e1s, el texto incluye conmovedoras palabras sobre quien fe pareja de Jake Knapp, aunque <strong>sin dar a conocer la causa del fallecimiento<\/strong>.<\/p>\n<blockquote class=\"instagram-media\" data-instgrm-captioned=\"\" data-instgrm-version=\"6\" style=\"background: #FFF; border: 0; border-radius: 3px; box-shadow: 0 0 1px 0 rgba(0,&#10;0, 0, 0.5), 0 1px 10px 0 rgba(0, 0, 0, 0.15); margin: 1px; max-width: 658px; padding: 0;&#10;width: 99.375%; width: -webkit-calc(100% - 2px); width: calc(100% - 2px);\">\n<\/blockquote>\n<p data-gtm-element-container=\"modulo-texto-link\" class=\"paragraph\">\u00abMakena era \u00fanica. <strong>Ten\u00eda una forma especial de hacerte sentir importante, y su enorme coraz\u00f3n siempre rebosaba de amor<\/strong>. Ser amado por Makena fue un regalo; uno que vino con risas infinitas, tanta alegr\u00eda y un sano rociado de caos mientras trat\u00e1bamos de seguir el ritmo de su horario de viaje.\u00bb, comienza la publicaci\u00f3n que incluye una foto de la joven.<\/p>\n<p data-gtm-element-container=\"modulo-texto-link\" class=\"paragraph\">Asimismo, <strong>la amiga de Makena White<\/strong>, quien prefiri\u00f3 no revelar su nombre, indic\u00f3 que aquellos que deseen <strong>honrar su memoria<\/strong> pueden hacer <strong>donaciones a la Cl\u00ednica de Salud Cerebral y Memoria Bruy\u00e8re<\/strong> o al <strong>Fondo Griffin Bell Endowment<\/strong>.<\/p>\n<p>        Lee tambi\u00e9n<\/p>\n<p>    Yanella Palacios<\/p>\n<p>             <img loading=\"lazy\" decoding=\"async\" data-full-src=\"https:\/\/www.mundodeportivo.com\/us\/uploads\/2025\/09\/26\/68d6d54807cda.jpeg\" alt=\"Horizontal\" width=\"334\" height=\"164\" src=\"https:\/\/www.europesays.com\/es\/wp-content\/uploads\/2025\/09\/68d6d54807cda.jpeg\" class=\"lazy\"\/><\/p>\n<p data-gtm-element-container=\"modulo-texto-link\" class=\"paragraph\">Una de las tantas personas que dejaron su comentario en la publicaci\u00f3n para despedir a la joven fue <strong>Amanda Balionis<\/strong>, <strong>especialista en golf de la cadena CBS Sports<\/strong>: \u00abConocer a Makena fue una de mis partes favoritas del a\u00f1o pasado. Tanta risa, pasi\u00f3n y ella nunca conoci\u00f3 a un extra\u00f1o. Extra\u00f1ar\u00e9 su luz\u00bb, escribi\u00f3.<\/p>\n<p data-gtm-element-container=\"modulo-texto-link\" class=\"paragraph\">La <strong>relaci\u00f3n entre Knapp y White<\/strong> se hizo p\u00fablica tras la primera victoria del golfista en el PGA Tour, en el Abierto de M\u00e9xico en febrero, aunque <strong>hab\u00edan estado juntos desde agosto de 2023<\/strong>.\u00a0<\/p>\n<blockquote class=\"instagram-media\" data-instgrm-captioned=\"\" data-instgrm-version=\"6\" style=\"background: #FFF; border: 0; border-radius: 3px; box-shadow: 0 0 1px 0 rgba(0,&#10;0, 0, 0.5), 0 1px 10px 0 rgba(0, 0, 0, 0.15); margin: 1px; max-width: 658px; padding: 0;&#10;width: 99.375%; width: -webkit-calc(100% - 2px); width: calc(100% - 2px);\">\n<\/blockquote>\n<p data-gtm-element-container=\"modulo-texto-link\" class=\"paragraph\">En su \u00faltima publicaci\u00f3n en Instagram manifest\u00f3 su <strong>apoyo incondicional a su pareja<\/strong>: \u00abSegundo a\u00f1o de abrazos en el primer fairway y vi\u00e9ndote vivir tus sue\u00f1os. Segunda temporada en el libro. <strong>Siempre agradecida de estar en este camino contigo. \u00a1Por muchas m\u00e1s!<\/strong> Te quiero mucho, cari\u00f1o, haces que sea tan f\u00e1cil estar orgulloso\u00bb.<\/p>\n","protected":false},"excerpt":{"rendered":"La jornada inaugural de de la Ryder Cup se vio opacada por una noticia desgarradora para el mundo&hellip;\n","protected":false},"author":2,"featured_media":140826,"comment_status":"","ping_status":"","sticky":false,"template":"","format":"standard","meta":{"footnotes":""},"categories":[275],"tags":[168,25,24,329,23,167],"class_list":{"0":"post-140825","1":"post","2":"type-post","3":"status-publish","4":"format-standard","5":"has-post-thumbnail","7":"category-golf","8":"tag-deportes","9":"tag-es","10":"tag-espana","11":"tag-golf","12":"tag-spain","13":"tag-sports"},"share_on_mastodon":{"url":"","error":""},"_links":{"self":[{"href":"https:\/\/www.europesays.com\/es\/wp-json\/wp\/v2\/posts\/140825","targetHints":{"allow":["GET"]}}],"collection":[{"href":"https:\/\/www.europesays.com\/es\/wp-json\/wp\/v2\/posts"}],"about":[{"href":"https:\/\/www.europesays.com\/es\/wp-json\/wp\/v2\/types\/post"}],"author":[{"embeddable":true,"href":"https:\/\/www.europesays.com\/es\/wp-json\/wp\/v2\/users\/2"}],"replies":[{"embeddable":true,"href":"https:\/\/www.europesays.com\/es\/wp-json\/wp\/v2\/comments?post=140825"}],"version-history":[{"count":0,"href":"https:\/\/www.europesays.com\/es\/wp-json\/wp\/v2\/posts\/140825\/revisions"}],"wp:featuredmedia":[{"embeddable":true,"href":"https:\/\/www.europesays.com\/es\/wp-json\/wp\/v2\/media\/140826"}],"wp:attachment":[{"href":"https:\/\/www.europesays.com\/es\/wp-json\/wp\/v2\/media?parent=140825"}],"wp:term":[{"taxonomy":"category","embeddable":true,"href":"https:\/\/www.europesays.com\/es\/wp-json\/wp\/v2\/categories?post=140825"},{"taxonomy":"post_tag","embeddable":true,"href":"https:\/\/www.europesays.com\/es\/wp-json\/wp\/v2\/tags?post=140825"}],"curies":[{"name":"wp","href":"https:\/\/api.w.org\/{rel}","templated":true}]}}