{"id":140839,"date":"2025-09-26T20:01:22","date_gmt":"2025-09-26T20:01:22","guid":{"rendered":"https:\/\/www.europesays.com\/es\/140839\/"},"modified":"2025-09-26T20:01:22","modified_gmt":"2025-09-26T20:01:22","slug":"asi-puedes-ver-la-experiencia-inmersiva-y-gratis-basada-en-la-nueva-novela-de-ken-follett-sobre-el-misterio-de-stonehenge-que-llega-a-madrid","status":"publish","type":"post","link":"https:\/\/www.europesays.com\/es\/140839\/","title":{"rendered":"As\u00ed puedes ver la experiencia inmersiva (y gratis) basada en la nueva novela de Ken Follett sobre el misterio de Stonehenge que llega a Madrid"},"content":{"rendered":"<p>Madrid es una ciudad ideal para los amantes de la <strong>literatura<\/strong>. Repleta de espectaculares <strong>librer\u00edas<\/strong>, imponentes e hist\u00f3ricas <strong>bibliotecas<\/strong> y celebraciones de <strong>ferias<\/strong> donde conseguir todo tipo de obras, son muchos los lectores que, a lo largo de los d\u00edas, disfrutan de un plan tan sencillo como tomar algo, sentarse al aire libre y\u00a0disfrutar de una buena novela.\u00a0<\/p>\n<p><img decoding=\"async\" id=\"8e17bc31-688f-82d2-4010-53fb6e4fe5ea\" class=\"photo lazy inline\" loading=\"lazy\" data-component=\"lazy-embed\" src=\"https:\/\/www.europesays.com\/es\/wp-content\/uploads\/2025\/09\/1758916879_629_image.webp.webp\" alt=\"Gareth Iwan Jones\" data-caption=\"\" data-credit=\"Gareth Iwan Jones\" data-width-class=\"\" data-image-id=\"106323915\"\/>&#13;<br \/>\nGareth Iwan Jones&#13;<\/p>\n<p><strong>Stonehenge protagoniza esta nueva experiencia inmersiva<\/strong><\/p>\n<p>Conocido por obras como &#8216;<strong>Los pilares de la Tierra<\/strong>&#8216;, un &#8216;best-seller&#8217; internacional, <strong>Ken Follet<\/strong> ha vendido m\u00e1s de 198 millones de ejemplares de sus 30 libros, publicados en m\u00e1s de 80 pa\u00edses y en 40 idiomas.\u00a0 Ahora, el\u00a0reconocido escritor brit\u00e1nico ha lanzado su nueva novela, &#8216;<strong>El c\u00edrculo de los d\u00edas<\/strong>&#8216;, un proyecto que se\u00a0adentra en uno de los mayores misterios de\u00a0la era actual, la construcci\u00f3n del monumento neol\u00edtico de <strong>Stonehenge<\/strong>.<\/p>\n<p>Para celebrar este lanzamiento,\u00a0Follett visitar\u00e1 <strong>Madrid<\/strong> el pr\u00f3ximo <strong>9 de octubre<\/strong>, donde no solo presentar\u00e1 el libro, sino que tambi\u00e9n se encargar\u00e1 de inaugurar la &#8216;<strong>Experiencia inmersiva Stonehenge<\/strong>&#8216;, en <strong>CUPRA City Garage Madrid<\/strong> (Serrano 88). As\u00ed, podr\u00e9is disfrutar del visionado del primer <strong>video inmersivo<\/strong> de una novela en Espa\u00f1a, que recrea el universo multisensorial de &#8216;El c\u00edrculo de los d\u00edas&#8217;.<\/p>\n<p><strong>Abierto al p\u00fablico<\/strong> el viernes 10 y s\u00e1bado 11 de octubre (de 10.00 a 20.00 h), y el domingo 12 de 10.00 a 14.00 h, tambi\u00e9n podr\u00e9is disfrutar de otras actividades, como un <strong>taller artesano de s\u00edlex<\/strong>, un documental sobre el <strong>proceso de escritura e investigaci\u00f3n<\/strong> de Ken Follet, un <strong>rinc\u00f3n infantil<\/strong> o una <strong>biblioteca<\/strong> de consulta con toda la obra del autor.<\/p>\n<p><img decoding=\"async\" id=\"c3cf7774-c856-8f9d-c21f-f8c41a7034b3\" class=\"photo lazy inline\" loading=\"lazy\" data-component=\"lazy-embed\" src=\"https:\/\/www.europesays.com\/es\/wp-content\/uploads\/2025\/09\/1758916880_986_image.webp.webp\" alt=\"Ken Follett\" data-caption=\"\" data-credit=\"Ken Follett\" data-width-class=\"\" data-image-id=\"106323916\"\/>&#13;<br \/>\nKen Follett&#13;<\/p>\n<p>El misterio de\u00a0<strong>Stonehenge<\/strong><\/p>\n<p>Su <strong>construcci\u00f3n<\/strong> comenz\u00f3 hace unos 5.000 a\u00f1os, en el Neol\u00edtico, y en su inicio no era m\u00e1s que un terrapl\u00e9n circular rodeado por un foso con algunos peque\u00f1os postes de madera o piedras. Hacia el a\u00f1o 2500 a.C. se a\u00f1adieron piedras mucho m\u00e1s grandes llevadas desde otras partes de Inglaterra y Gales. Esto marc\u00f3 el comienzo de m\u00e1s de 800 a\u00f1os de otras alteraciones que se extendieron hasta la Edad de Bronce, el periodo en que se fabricaron las primeras herramientas y armas de metal.\u00a0As\u00ed, en &#8216;El c\u00edrculo de los d\u00edas&#8217;, Follett ha usado su maestr\u00eda literaria y un riguroso trabajo de documentaci\u00f3n para imaginar c\u00f3mo pudieron suceder las cosas.<\/p>\n<p><img decoding=\"async\" id=\"2fb24911-4cd6-9456-b5fe-486e75180b92\" class=\"photo lazy inline\" loading=\"lazy\" data-component=\"lazy-embed\" src=\"https:\/\/www.europesays.com\/es\/wp-content\/uploads\/2025\/09\/1758916882_235_image.webp.webp\" alt=\"Ken Follett\" data-caption=\"\" data-credit=\"Ken Follett\" data-width-class=\"\" data-image-id=\"106323910\"\/>&#13;<br \/>\nKen Follett&#13;<\/p>\n<p>Las librer\u00edas m\u00e1s bonitas de Madrid<\/p>\n<p>Si quieres perder la noci\u00f3n del tiempo rodeado de todo tipo de hist\u00f3ricos y emblem\u00e1ticos libros, Madrid es tu ciudad. Entre las\u00a0<a href=\"https:\/\/www.timeout.es\/madrid\/es\/tiendas\/las-librerias-mas-bonitas-de-madrid\" rel=\"nofollow noopener\" target=\"_blank\">librer\u00edas m\u00e1s bonitas de la capital<\/a>\u00a0se encuentran Parenthesis,\u00a0Cafebrer\u00eda ad Hoc,\u00a0Taschen, la\u00a0librer\u00eda Altamarea, La Mistral,\u00a0Panta Rhei,\u00a0Antonio Machado,\u00a0La Cultural 12,\u00a0Olavide Bar de Libros o la\u00a0Librer\u00eda San Gin\u00e9s.<\/p>\n<p><strong>NO TE LO PIERDAS: <a href=\"https:\/\/www.timeout.es\/madrid\/es\/noticias\/libros-a-1-euro-primeras-ediciones-y-manuscritos-originales-vuelve-esta-feria-literaria-otonal-a-madrid-082725\" rel=\"nofollow noopener\" target=\"_blank\">Joyas literarias, manuscritos originales y t\u00edtulos a 1 euro: vuelve a Madrid la feria donde encontrar libros \u00fanicos<\/a><\/strong><br \/>\n<strong>\u00bfBuscas m\u00e1s planes? \u00a1Inscr\u00edbete en nuestra\u00a0<a href=\"https:\/\/www.timeout.es\/madrid\/es\/newsletter?cid=mad~editorial~acquisition~newsletter~contentlink\" target=\"_blank\" data-saferedirecturl=\"https:\/\/www.google.com\/url?q=https:\/\/www.timeout.es\/madrid\/es\/newsletter?cid%3Dmad~editorial~acquisition~newsletter~contentlink&amp;source=gmail&amp;ust=1715088232784000&amp;usg=AOvVaw1l0Ah0eZexOJldYPoJn4E1\" rel=\"nofollow noopener\">newsletter<\/a>\u00a0y no te pierdas ninguno!<\/strong><\/p>\n","protected":false},"excerpt":{"rendered":"Madrid es una ciudad ideal para los amantes de la literatura. Repleta de espectaculares librer\u00edas, imponentes e hist\u00f3ricas&hellip;\n","protected":false},"author":2,"featured_media":140840,"comment_status":"","ping_status":"","sticky":false,"template":"","format":"standard","meta":{"footnotes":""},"categories":[172],"tags":[224,29923,29924,146,147,25,24,29929,225,43863,29927,11378,23,28711,23423,28713,28717,28709,28719,29926],"class_list":{"0":"post-140839","1":"post","2":"type-post","3":"status-publish","4":"format-standard","5":"has-post-thumbnail","7":"category-libros","8":"tag-books","9":"tag-calendario-de-festividades-otono","10":"tag-categorias-que-hacer","11":"tag-entertainment","12":"tag-entretenimiento","13":"tag-es","14":"tag-espana","15":"tag-familiar-good-for-apto-para-ninos","16":"tag-libros","17":"tag-madrid-barrio-de-salamanca","18":"tag-noticias-ciudad","19":"tag-que-hacer","20":"tag-spain","21":"tag-tema-good-for-going-with-friends","22":"tag-tema-good-for-locals","23":"tag-tema-good-for-para-llevar-a-tus-padres","24":"tag-tema-good-for-salida-en-grupo","25":"tag-tema-good-for-salir-solo","26":"tag-tipo-de-actividad-exposiciones-arte-y-museos","27":"tag-tipo-de-actividad-lectura-de-libros"},"share_on_mastodon":{"url":"","error":""},"_links":{"self":[{"href":"https:\/\/www.europesays.com\/es\/wp-json\/wp\/v2\/posts\/140839","targetHints":{"allow":["GET"]}}],"collection":[{"href":"https:\/\/www.europesays.com\/es\/wp-json\/wp\/v2\/posts"}],"about":[{"href":"https:\/\/www.europesays.com\/es\/wp-json\/wp\/v2\/types\/post"}],"author":[{"embeddable":true,"href":"https:\/\/www.europesays.com\/es\/wp-json\/wp\/v2\/users\/2"}],"replies":[{"embeddable":true,"href":"https:\/\/www.europesays.com\/es\/wp-json\/wp\/v2\/comments?post=140839"}],"version-history":[{"count":0,"href":"https:\/\/www.europesays.com\/es\/wp-json\/wp\/v2\/posts\/140839\/revisions"}],"wp:featuredmedia":[{"embeddable":true,"href":"https:\/\/www.europesays.com\/es\/wp-json\/wp\/v2\/media\/140840"}],"wp:attachment":[{"href":"https:\/\/www.europesays.com\/es\/wp-json\/wp\/v2\/media?parent=140839"}],"wp:term":[{"taxonomy":"category","embeddable":true,"href":"https:\/\/www.europesays.com\/es\/wp-json\/wp\/v2\/categories?post=140839"},{"taxonomy":"post_tag","embeddable":true,"href":"https:\/\/www.europesays.com\/es\/wp-json\/wp\/v2\/tags?post=140839"}],"curies":[{"name":"wp","href":"https:\/\/api.w.org\/{rel}","templated":true}]}}