{"id":140851,"date":"2025-09-26T20:08:07","date_gmt":"2025-09-26T20:08:07","guid":{"rendered":"https:\/\/www.europesays.com\/es\/140851\/"},"modified":"2025-09-26T20:08:07","modified_gmt":"2025-09-26T20:08:07","slug":"regreso-a-la-luna-los-retos-que-enfrentan-los-astronautas-de-artemis-ii-national-geographic","status":"publish","type":"post","link":"https:\/\/www.europesays.com\/es\/140851\/","title":{"rendered":"Regreso a la Luna: los retos que enfrentan los astronautas de Artemis II | National Geographic"},"content":{"rendered":"<p data-paragraph-id=\"1300324-1\" dir=\"ltr\">\u201cArtemis II nos permitir\u00e1 obtener algunos de los<strong> primeros datos biol\u00f3gicos humanos sobre la\u00a0<\/strong><a href=\"https:\/\/www.nationalgeographicla.com\/ciencia\/2023\/03\/que-dice-la-oms-acerca-de-la-exposicion-excesiva-a-la-radiacion\" rel=\"nofollow noopener\" target=\"_blank\"><strong>radiaci\u00f3n\u00a0<\/strong><\/a><strong>del espacio profundo<\/strong>\u201d, celebra Lisa Carnell, directora de la Divisi\u00f3n de Ciencias Biol\u00f3gicas y F\u00edsicas de la NASA. \u201cEs la primera vez que se pueden obtener datos sobre personas sanas y comprender realmente lo que ocurre en un entorno con radiaci\u00f3n\u201d.<\/p>\n<p data-paragraph-id=\"1300324-2\" dir=\"ltr\">Adem\u00e1s de los astronautas,<strong> la NASA tambi\u00e9n est\u00e1 equipando Artemis II con AVATAR<\/strong> (A Virtual Astronaut Tissue Analog Response), unos\u00a0<strong>chips de tejido humano en 3D\u00a0<\/strong>del tama\u00f1o de una memoria USB fabricados especialmente para este fin. \u201cSe trata de una mini r\u00e9plica de un \u00f3rgano humano\u201d, explica Carnell.<\/p>\n<p data-paragraph-id=\"1300324-3\" dir=\"ltr\">Estos chips de tejido humano<strong> contienen cultivos celulares<\/strong> que se han cultivado especialmente para modelar la estructura y la funci\u00f3n de partes espec\u00edficas de los \u00f3rganos humanos. Pueden latir como un coraz\u00f3n o respirar como los pulmones. \u201cY los vamos a enviar con la tripulaci\u00f3n<strong> para ver qu\u00e9 sucede en un entorno con\u00a0<\/strong><a href=\"https:\/\/www.nationalgeographicla.com\/espacio\/2025\/04\/asi-entendieron-los-astronomos-uno-de-los-fenomenos-mas-raros-del-espacio\" rel=\"nofollow noopener\" target=\"_blank\"><strong>radiaci\u00f3n<\/strong><\/a>\u201d, explica Carnell. En concreto, Artemis II volar\u00e1 con AVATAR de m\u00e9dula \u00f3sea, que es extremadamente sensible a la exposici\u00f3n a la radiaci\u00f3n.<\/p>\n<p data-paragraph-id=\"1300324-4\" dir=\"ltr\">Una vez que comprendan c\u00f3mo responder\u00e1 cada astronauta a las rigurosas condiciones de los viajes espaciales, Carnell y su equipo podr\u00e1n crear lo que ella denomina un \u201c<strong>kit m\u00e9dico personalizado<\/strong>\u201d para cada astronauta, con el fin de<strong> ayudarles a contrarrestar los efectos de la radiaci\u00f3n<\/strong>. Esta es solo una de las formas en que Artemis II allanar\u00e1 el camino para la exploraci\u00f3n de Marte.<\/p>\n<p data-paragraph-id=\"1300324-5\" dir=\"ltr\">\u00bfPero cu\u00e1l es el gran atractivo de Artemis II?\u00a0<strong>Observar la superficie lunar<\/strong>, por supuesto.<\/p>\n<p data-paragraph-id=\"1300324-6\" dir=\"ltr\"><strong>La tripulaci\u00f3n podr\u00e1 ver partes de la Luna que los humanos no han visto antes<\/strong>; hasta el 60 % de la vista de la cara oculta puede ser \u00fanica, apunta Wiseman. En comparaci\u00f3n con las misiones Apolo, esta tripulaci\u00f3n tambi\u00e9n<strong> ver\u00e1 una vista m\u00e1s alejada de la Luna<\/strong>, ya que su \u00f3rbita ser\u00e1 mucho m\u00e1s alta.<\/p>\n<p data-paragraph-id=\"1300324-7\" dir=\"ltr\">Sin embargo,\u00a0<strong>solo tendr\u00e1n tres horas para realizar observaciones lunares<\/strong>. Pero la responsable cient\u00edfica lunar de Artemis II, Kelsey Evans Young, y su compa\u00f1ero cient\u00edfico Noah Petro est\u00e1n preparando tantas observaciones cient\u00edficas como pueden en ese breve tiempo.<\/p>\n<p data-paragraph-id=\"1300324-8\" dir=\"ltr\">Petro ha trabajado en el Lunar Reconnaissance Orbiter (LRO), adem\u00e1s de su papel en el equipo cient\u00edfico de Artemis. Lanzado en 2009, el LRO lleva m\u00e1s de una d\u00e9cada tomando im\u00e1genes de la superficie de la Luna y cartografiando toda su superficie. Pero, aun as\u00ed, afirma que<strong> observar la Luna de cerca con los ojos humanos podr\u00eda proporcionarnos importantes conocimientos cient\u00edficos<\/strong>.<\/p>\n<p data-paragraph-id=\"1300324-9\" dir=\"ltr\">El<strong> ojo humano puede ver sutiles variaciones de color y textura\u00a0<\/strong>que no son necesariamente evidentes en la c\u00e1mara, y eso es precisamente lo que Petro espera que observen los astronautas. \u201cCada astronauta percibe la Luna de forma diferente. Cada globo ocular humano es diferente\u201d, dice Petro. \u201cTenemos cuatro tripulantes que participar\u00e1n en Artemis II. Cada uno de ellos puede detectar el color de forma diferente\u201d.<\/p>\n<p data-paragraph-id=\"1300324-10\" dir=\"ltr\">Los cient\u00edficos no esperan que los astronautas de Artemis II hagan ning\u00fan descubrimiento importante. En cambio,\u00a0<strong>esperan utilizar los conocimientos sobre c\u00f3mo perciben los astronautas los colores en la Luna para ayudar a orientar a los futuros exploradores<\/strong>.\u00a0<\/p>\n<p data-paragraph-id=\"1300324-11\" dir=\"ltr\">\u201cAl llevar a la Luna ojos humanos bien entrenados, tenemos la oportunidad de ver cosas que se nos han escapado\u201d, aclara Petro. \u201cNing\u00fan cient\u00edfico planetario deber\u00eda pensar jam\u00e1s que tenemos un conocimiento completo y s\u00f3lido de la superficie de cualquier planeta solo porque la hayamos cartografiado [con robots].\u00a0<strong>Tenemos los datos, pero son los humanos los que deben interpretarlos<\/strong>\u201d.<\/p>\n","protected":false},"excerpt":{"rendered":"\u201cArtemis II nos permitir\u00e1 obtener algunos de los primeros datos biol\u00f3gicos humanos sobre la\u00a0radiaci\u00f3n\u00a0del espacio profundo\u201d, celebra Lisa&hellip;\n","protected":false},"author":2,"featured_media":140852,"comment_status":"","ping_status":"","sticky":false,"template":"","format":"standard","meta":{"footnotes":""},"categories":[81],"tags":[43865,119,123,124,25,10558,24,13413,43864,9742,35827,1935,166,117,121,122,23,118,120],"class_list":{"0":"post-140851","1":"post","2":"type-post","3":"status-publish","4":"format-standard","5":"has-post-thumbnail","7":"category-ciencia-y-tecnologia","8":"tag-astronautas","9":"tag-ciencia","10":"tag-ciencia-y-tecnologia","11":"tag-cienciaytecnologia","12":"tag-es","13":"tag-espacio","14":"tag-espana","15":"tag-exploracion-espacial","16":"tag-exploracion-geografica","17":"tag-ingenieria","18":"tag-ingenieros","19":"tag-luna","20":"tag-salud","21":"tag-science","22":"tag-science-and-technology","23":"tag-scienceandtechnology","24":"tag-spain","25":"tag-technology","26":"tag-tecnologia"},"share_on_mastodon":{"url":"","error":""},"_links":{"self":[{"href":"https:\/\/www.europesays.com\/es\/wp-json\/wp\/v2\/posts\/140851","targetHints":{"allow":["GET"]}}],"collection":[{"href":"https:\/\/www.europesays.com\/es\/wp-json\/wp\/v2\/posts"}],"about":[{"href":"https:\/\/www.europesays.com\/es\/wp-json\/wp\/v2\/types\/post"}],"author":[{"embeddable":true,"href":"https:\/\/www.europesays.com\/es\/wp-json\/wp\/v2\/users\/2"}],"replies":[{"embeddable":true,"href":"https:\/\/www.europesays.com\/es\/wp-json\/wp\/v2\/comments?post=140851"}],"version-history":[{"count":0,"href":"https:\/\/www.europesays.com\/es\/wp-json\/wp\/v2\/posts\/140851\/revisions"}],"wp:featuredmedia":[{"embeddable":true,"href":"https:\/\/www.europesays.com\/es\/wp-json\/wp\/v2\/media\/140852"}],"wp:attachment":[{"href":"https:\/\/www.europesays.com\/es\/wp-json\/wp\/v2\/media?parent=140851"}],"wp:term":[{"taxonomy":"category","embeddable":true,"href":"https:\/\/www.europesays.com\/es\/wp-json\/wp\/v2\/categories?post=140851"},{"taxonomy":"post_tag","embeddable":true,"href":"https:\/\/www.europesays.com\/es\/wp-json\/wp\/v2\/tags?post=140851"}],"curies":[{"name":"wp","href":"https:\/\/api.w.org\/{rel}","templated":true}]}}