{"id":140861,"date":"2025-09-26T20:13:08","date_gmt":"2025-09-26T20:13:08","guid":{"rendered":"https:\/\/www.europesays.com\/es\/140861\/"},"modified":"2025-09-26T20:13:08","modified_gmt":"2025-09-26T20:13:08","slug":"jornada-de-balonmano-en-soria-debut-femenino-y-partido-de-plata","status":"publish","type":"post","link":"https:\/\/www.europesays.com\/es\/140861\/","title":{"rendered":"Jornada de balonmano en Soria: debut femenino y partido de Plata"},"content":{"rendered":"<p class=\"prip\">El polideportivo San Andr\u00e9s vive este s\u00e1bado 27 una jornada de balonmano sin precedentes este pr\u00f3ximo <strong>s\u00e1bado, 27 de septiembre<\/strong>. La instalaci\u00f3n municipal ser\u00e1 el epicentro del balonmano soriano con una triple cita que abarcar\u00e1 desde la base hasta la categor\u00eda de plata, ofreciendo a los aficionados un d\u00eda completo dedicado a este deporte.<\/p>\n<p>La programaci\u00f3n est\u00e1 dise\u00f1ada para mostrar todas las facetas del club, comenzando con la ilusi\u00f3n de los m\u00e1s j\u00f3venes, continuando con un momento muy esperado para el deporte femenino de la provincia y culminando con el enfrentamiento del primer equipo masculino en la exigente Divisi\u00f3n de Honor Plata.<\/p>\n<p>Estreno en casa para el Ca\u00f1ada Real Balonmano Soria<\/p>\n<p>Uno de los grandes atractivos de la jornada ser\u00e1 el estreno como local del equipo senior femenino, el <strong>Ca\u00f1ada Real Balonmano Soria<\/strong>. El conjunto disputar\u00e1 su primer partido en casa dentro de la competitiva <strong>Primera Nacional Femenina<\/strong>, un hito que marca un paso adelante para el balonmano femenino en la provincia y que espera contar con un gran respaldo desde la grada.<\/p>\n<p>La cantera abre la temporada<\/p>\n<p>La ma\u00f1ana estar\u00e1 protagonizada por el futuro del club. Los <strong>equipos de cantera<\/strong> inaugurar\u00e1n la competici\u00f3n en el San Andr\u00e9s, disputando sus primeros encuentros de la temporada. Esta cita es fundamental para que los jugadores m\u00e1s j\u00f3venes sientan el apoyo de la afici\u00f3n y comiencen a forjar su trayectoria deportiva en un ambiente de celebraci\u00f3n.<\/p>\n<p>Un hist\u00f3rico de Plata como plato fuerte<\/p>\n<p>El colof\u00f3n de la jornada llegar\u00e1 por la tarde con el partido de <strong>Divisi\u00f3n de Honor Plata<\/strong>. El equipo soriano se medir\u00e1 a un rival de gran entidad, el hist\u00f3rico <strong>Blendio Sinf\u00edn Santander<\/strong>. Este enfrentamiento promete ser un duelo de alta intensidad y se presenta como una prueba de fuego para las aspiraciones del conjunto local en la categor\u00eda.<\/p>\n","protected":false},"excerpt":{"rendered":"El polideportivo San Andr\u00e9s vive este s\u00e1bado 27 una jornada de balonmano sin precedentes este pr\u00f3ximo s\u00e1bado, 27&hellip;\n","protected":false},"author":2,"featured_media":140862,"comment_status":"","ping_status":"","sticky":false,"template":"","format":"standard","meta":{"footnotes":""},"categories":[278],"tags":[771,2987,376,168,25,24,375,3397,246,23,167,13890],"class_list":{"0":"post-140861","1":"post","2":"type-post","3":"status-publish","4":"format-standard","5":"has-post-thumbnail","7":"category-balonmano","8":"tag-acoge","9":"tag-andres","10":"tag-balonmano","11":"tag-deportes","12":"tag-es","13":"tag-espana","14":"tag-handball","15":"tag-sabado","16":"tag-soria","17":"tag-spain","18":"tag-sports","19":"tag-triple"},"share_on_mastodon":{"url":"","error":""},"_links":{"self":[{"href":"https:\/\/www.europesays.com\/es\/wp-json\/wp\/v2\/posts\/140861","targetHints":{"allow":["GET"]}}],"collection":[{"href":"https:\/\/www.europesays.com\/es\/wp-json\/wp\/v2\/posts"}],"about":[{"href":"https:\/\/www.europesays.com\/es\/wp-json\/wp\/v2\/types\/post"}],"author":[{"embeddable":true,"href":"https:\/\/www.europesays.com\/es\/wp-json\/wp\/v2\/users\/2"}],"replies":[{"embeddable":true,"href":"https:\/\/www.europesays.com\/es\/wp-json\/wp\/v2\/comments?post=140861"}],"version-history":[{"count":0,"href":"https:\/\/www.europesays.com\/es\/wp-json\/wp\/v2\/posts\/140861\/revisions"}],"wp:featuredmedia":[{"embeddable":true,"href":"https:\/\/www.europesays.com\/es\/wp-json\/wp\/v2\/media\/140862"}],"wp:attachment":[{"href":"https:\/\/www.europesays.com\/es\/wp-json\/wp\/v2\/media?parent=140861"}],"wp:term":[{"taxonomy":"category","embeddable":true,"href":"https:\/\/www.europesays.com\/es\/wp-json\/wp\/v2\/categories?post=140861"},{"taxonomy":"post_tag","embeddable":true,"href":"https:\/\/www.europesays.com\/es\/wp-json\/wp\/v2\/tags?post=140861"}],"curies":[{"name":"wp","href":"https:\/\/api.w.org\/{rel}","templated":true}]}}