{"id":140865,"date":"2025-09-26T20:16:09","date_gmt":"2025-09-26T20:16:09","guid":{"rendered":"https:\/\/www.europesays.com\/es\/140865\/"},"modified":"2025-09-26T20:16:09","modified_gmt":"2025-09-26T20:16:09","slug":"rahm-cuenta-la-divertida-celebracion-con-hatton-en-wentworth","status":"publish","type":"post","link":"https:\/\/www.europesays.com\/es\/140865\/","title":{"rendered":"Rahm cuenta la divertida celebraci\u00f3n con Hatton en Wentworth"},"content":{"rendered":"<p>\t\t\t\t\t\u201cEl problema fueron las mezclas: vino, gin-tonics, amaretto sours, una margarita y, para rematar, una especie de limonada de fresa con vodka\u201d<br \/>\n<img fetchpriority=\"high\" decoding=\"async\" class=\"size-full wp-image-319306\" src=\"https:\/\/www.europesays.com\/es\/wp-content\/uploads\/2025\/09\/Jon-Rahm-cuenta-la-fiesta-con-Tyrreell-Hatton-en-Wentworth.jpg\" alt=\"Jon Rahm, Bethpage, Ryder Cup, Ryder Cup 2025, Tyrrell Hatton, Wentworth.\" width=\"650\" height=\"433\"  \/>Jon Rahm cont\u00f3 la fiesta con Tyrrell Hatton en Wentworth en la previa de la Ryder Cup<\/p>\n<p style=\"text-align: justify;\"><strong>Jon Rahm<\/strong> se ha convertido en protagonista involuntario de una de las an\u00e9cdotas m\u00e1s comentadas en la previa de la <strong>Ryder Cup<\/strong> de <strong>Bethpage<\/strong>. En la rueda de prensa de este jueves, el vizca\u00edno fue preguntado por la ya c\u00e9lebre celebraci\u00f3n de <strong>Tyrrell Hatton<\/strong> en <strong>Wentworth<\/strong>, cuando el ingl\u00e9s confirm\u00f3 su clasificaci\u00f3n para el equipo europeo. La respuesta de Rahm no decepcion\u00f3.<\/p>\n<p style=\"text-align: justify;\">\u201c\u00bfLa versi\u00f3n completa?\u201d, pregunt\u00f3 con una sonrisa antes de arrancar. Y lo cierto es que no dej\u00f3 detalle en el tintero: \u201cYo no bebo mucho, pero por suerte tengo un dep\u00f3sito m\u00e1s grande para guardarlo\u201d; coment\u00f3, entre risas de la sala de prensa.<\/p>\n<p style=\"text-align: justify;\">Rahm relat\u00f3 que Hatton, \u201corgulloso por haberse ganado un puesto en la Ryder, algo muy dif\u00edcil estando en LIV\u201d; decidi\u00f3 festejarlo a lo grande en la clausura de la temporada en Wentworth. El problema, explic\u00f3, fue la cantidad de mezclas que se acumularon en la barra: vino, gin-tonics; amaretto sours, \u201cuna margarita por alguna raz\u00f3n\u201d y para rematar; \u201cuna especie de limonada de fresa con vodka que ni sab\u00edamos qu\u00e9 era\u2026 el barman se puso creativo\u201d.<\/p>\n<p style=\"text-align: justify;\">El resultado fue demoledor. \u201cNinguno nos encontr\u00e1bamos bien el lunes, pero \u00e9l estaba claramente peor\u201d; sentenci\u00f3 Rahm, provocando las carcajadas de los periodistas presentes.<\/p>\n<p style=\"text-align: justify;\">El testimonio del espa\u00f1ol confirm\u00f3 as\u00ed lo que <a style=\"color: #008000;\" href=\"https:\/\/opengolf.es\/actualidad\/tyrrell-hatton-confiesa-su-salvaje-borrachera-en-indianapolis-tras-asegurar-su-plaza-en-la-ryder-cup\/\" rel=\"nofollow noopener\" target=\"_blank\"><strong>ya hab\u00eda adelantado el propio Hatton d\u00edas atr\u00e1s<\/strong><\/a>. Una <strong>an\u00e9cdota<\/strong> que, m\u00e1s all\u00e1 de la resaca, refleja la pasi\u00f3n y el orgullo que supone estar entre los elegidos para representar a Europa en el duelo m\u00e1s grande del golf.<\/p>\n<p style=\"text-align: justify;\"><strong>Puede seguir a OpenGolf en <\/strong><a style=\"color: #008000;\" href=\"https:\/\/www.facebook.com\/opengolfes.es\/\" rel=\"nofollow noopener\" target=\"_blank\"><strong>Facebook<\/strong><\/a><strong>; <\/strong><a style=\"color: #008000;\" href=\"https:\/\/twitter.com\/opengolf_news\" rel=\"nofollow noopener\" target=\"_blank\"><strong>Twitter<\/strong><\/a><strong>; <\/strong><a style=\"color: #008000;\" href=\"https:\/\/www.linkedin.com\/in\/fernando-molina-b1455a14\/\" rel=\"nofollow noopener\" target=\"_blank\"><strong>LinkedIn<\/strong><\/a><strong> y suscribi\u00e9ndose a trav\u00e9s de este enlace a nuestra <\/strong><a style=\"color: #008000;\" href=\"https:\/\/opengolf.es\/newsletters.php\" rel=\"nofollow noopener\" target=\"_blank\"><strong>Newsletter Semanal<\/strong><\/a><\/p>\n<p>\t\t\t\t<script async src=\"https:\/\/platform.twitter.com\/widgets.js\" charset=\"utf-8\"><\/script><\/p>\n","protected":false},"excerpt":{"rendered":"\u201cEl problema fueron las mezclas: vino, gin-tonics, amaretto sours, una margarita y, para rematar, una especie de limonada&hellip;\n","protected":false},"author":2,"featured_media":140866,"comment_status":"","ping_status":"","sticky":false,"template":"","format":"standard","meta":{"footnotes":""},"categories":[275],"tags":[27917,168,25,24,329,390,2624,24164,23,167,398,36268],"class_list":{"0":"post-140865","1":"post","2":"type-post","3":"status-publish","4":"format-standard","5":"has-post-thumbnail","7":"category-golf","8":"tag-bethpage","9":"tag-deportes","10":"tag-es","11":"tag-espana","12":"tag-golf","13":"tag-jon-rahm","14":"tag-ryder-cup","15":"tag-ryder-cup-2025","16":"tag-spain","17":"tag-sports","18":"tag-tyrrell-hatton","19":"tag-wentworth"},"share_on_mastodon":{"url":"","error":""},"_links":{"self":[{"href":"https:\/\/www.europesays.com\/es\/wp-json\/wp\/v2\/posts\/140865","targetHints":{"allow":["GET"]}}],"collection":[{"href":"https:\/\/www.europesays.com\/es\/wp-json\/wp\/v2\/posts"}],"about":[{"href":"https:\/\/www.europesays.com\/es\/wp-json\/wp\/v2\/types\/post"}],"author":[{"embeddable":true,"href":"https:\/\/www.europesays.com\/es\/wp-json\/wp\/v2\/users\/2"}],"replies":[{"embeddable":true,"href":"https:\/\/www.europesays.com\/es\/wp-json\/wp\/v2\/comments?post=140865"}],"version-history":[{"count":0,"href":"https:\/\/www.europesays.com\/es\/wp-json\/wp\/v2\/posts\/140865\/revisions"}],"wp:featuredmedia":[{"embeddable":true,"href":"https:\/\/www.europesays.com\/es\/wp-json\/wp\/v2\/media\/140866"}],"wp:attachment":[{"href":"https:\/\/www.europesays.com\/es\/wp-json\/wp\/v2\/media?parent=140865"}],"wp:term":[{"taxonomy":"category","embeddable":true,"href":"https:\/\/www.europesays.com\/es\/wp-json\/wp\/v2\/categories?post=140865"},{"taxonomy":"post_tag","embeddable":true,"href":"https:\/\/www.europesays.com\/es\/wp-json\/wp\/v2\/tags?post=140865"}],"curies":[{"name":"wp","href":"https:\/\/api.w.org\/{rel}","templated":true}]}}