{"id":140869,"date":"2025-09-26T20:18:09","date_gmt":"2025-09-26T20:18:09","guid":{"rendered":"https:\/\/www.europesays.com\/es\/140869\/"},"modified":"2025-09-26T20:18:09","modified_gmt":"2025-09-26T20:18:09","slug":"barcelona-sube-la-tension-con-israel-y-veta-a-sus-equipos-ciclistas-en-la-salida-del-tour-2026","status":"publish","type":"post","link":"https:\/\/www.europesays.com\/es\/140869\/","title":{"rendered":"Barcelona sube la tensi\u00f3n con Israel y veta a sus equipos ciclistas en la salida del Tour 2026"},"content":{"rendered":"<p data-gtm-element-container=\"modulo-texto-link\" class=\"paragraph\">Se ha aprobado el plan de seguridad vial 2025-2030, con el que se busca el objetivo de alcanzar las cero v\u00edctimas en siniestros de tr\u00e1fico; se ha anunciado la cesi\u00f3n de dos solares p\u00fablicos para construir 150 pisos protegidos; se ha dado impulso a la adhesi\u00f3n de Barcelona al Pacte Nacional per la Llengua, y se ha dado salida a la reserva de espacios para construir ni m\u00e1s ni menos que 29 dep\u00f3sitos pluviales. No lo parec\u00eda, pero el de este viernes era un pleno municipal con mucha materia. El problema es que a este lado del Mediterr\u00e1neo, a nivel medi\u00e1tico ya nada puede toserle a la relaci\u00f3n de la capital catalana con Israel. Ya en mayo, el Consistorio aprob\u00f3 romper todo v\u00ednculo con el gobierno de Beniamin Netanyhau e inst\u00f3 a los responsables de la Fira a no aceptar pabellones de este estado o de cualquier \u201cempresa que se lucre gracias al genocidio\u201d. Ahora se ha ido un poco m\u00e1s lejos al vetar la presencia de equipos deportivos que quieran competir en la capital catalana bajo la bandera sionista, con una menci\u00f3n muy concreta al Tour de Francia.<\/p>\n<p>    Lee tambi\u00e9n<\/p>\n<p data-gtm-element-container=\"modulo-texto-link\" class=\"paragraph\">Barcelona acoger\u00e1 el a\u00f1o que viene la salida de la ronda francesa, un evento que no es f\u00e1cil de conseguir y que, si todo va bien, colocar\u00e1 a la ciudad en la televisi\u00f3n de millones de hogares del planeta. Pero ojo, esto no se hace para conseguir turistas. Recuerden que el propio alcalde dijo la semana pasada que aqu\u00ed no cabe un forastero m\u00e1s. Esto va de recolectar un guiri de m\u00e1s nivel. Y de alimentar las visitas de negocios y congresos.<\/p>\n<p>Tremenda bronca a Vox por decir que el concejal Jordi Coronas, que forma parte de la flotilla, est\u00e1 \u201cde vacaciones pagadas en el mar\u201d<\/p>\n<p data-gtm-element-container=\"modulo-texto-link\" class=\"paragraph\">El caso es que Jaume Collboni, en el ocaso del pleno, quiz\u00e1s algo quemado tras seis horas de c\u00f3nclave y tras una medida dosis de provocaci\u00f3n vertida por PP y Vox, ha elevado un poco el tono al anunciar que ya ha comunicado a la propiedad de la carrera \u2013la empresa privada ASO\u2013 que no piensa tolerar a \u201crepresentantes de un gobierno que practica el genocidio\u201d. Ha llamado la atenci\u00f3n la vehemencia con que el regidor del PSC, desde la presidencia de la sala Pi i Sunyer, daba por hecho que ning\u00fan equipo con los colores de Israel pedalear\u00e1 por el Eixample ni por Vallvidrera. El gobierno, ha dado a entender el alcalde, ya lo tiene hablado con la direcci\u00f3n del Tour. Y visto que la FIFA y la UEFA se plantean medidas en un sentido muy similar, no es descartable que ASO, ni que sea por seguir la corriente, termine haciendo lo mismo. Pero hablamos de julio de 2026, as\u00ed que muchas cosas pueden cambiar, empezando por conseguir que Netanhayu deje de masacrar al pueblo palestino. A la cosa no le han faltado oportunistas, como el alcalde de Perpi\u00f1\u00e1n, Louis Aliot, que ofreci\u00f3 su ciudad en las redes sociales en el caso de que Barcelona caiga de la ecuaci\u00f3n: \u201cAqu\u00ed el Tour es bienvenido, al igual que todos los equipos participantes en este gran evento\u201d. Quiz\u00e1s olvida que, al margen de la log\u00edstica, deber\u00e1 desembolsar cerca de 10 millones de euros a la organizaci\u00f3n.<\/p>\n<p>                <img loading=\"lazy\" decoding=\"async\" data-full-src=\"https:\/\/www.lavanguardia.com\/uploads\/2025\/09\/26\/68d6dde1787e8.jpeg\" alt=\"Jaume Collboni, durante el pleno municipal celebrado este viernes\" width=\"449\" height=\"299\" src=\"https:\/\/www.europesays.com\/es\/wp-content\/uploads\/2025\/09\/68d6dde1787e8.jpeg\" class=\"lazy\"\/><\/p>\n<p class=\"caption-title \">Jaume Collboni, durante el pleno municipal celebrado este viernes\u00a0<\/p>\n<p>                    Llibert Teixido<\/p>\n<p data-gtm-element-container=\"modulo-texto-link\" class=\"paragraph\">El debate sobre Israel se ha producido en dos momentos separados de un plenario municipal que dur\u00f3 casi tanto como tres pel\u00edculas de Los Vengadores seguidas. Primero, con la proposici\u00f3n que ampl\u00eda el veto a Israel, que ha prosperado con el voto favorable del PSC, ERC y BCom\u00fa, la abstenci\u00f3n de Junts y el no de PP y Vox. Y segundo, con las preguntas directas al alcalde de los partidos m\u00e1s a la derecha, con las que buscaban poner en evidencia una estrategia que consideran un globo sonda \u201cpara no hablar de los problemas reales de los barceloneses\u201d. Especialmente tenso ha sido el minuto en el que Gonzalo de Oro-Pulido ha dicho que Jordi Coronas pasa unos d\u00edas de \u201cvacaciones pagadas en el mar\u201d. No ha medido bien, ya que el concejal de ERC al que ha hecho referencia, ausente en la sala porque forma parte de la flotilla que trata de abrir un corredor humanitario en Gaza, es uno de los ediles m\u00e1s estimados por los grupos de la oposici\u00f3n. Le ha ca\u00eddo de todo, pero \u00e9l se ha mantenido impert\u00e9rrito y ha censurado los aires de \u201cpostureo pijoprogre\u201d. <\/p>\n<p>Perpi\u00f1\u00e1n se ofrece a la organizaci\u00f3n de la carrera en el caso de que necesite una urbe que no filtre por pa\u00edses<\/p>\n<p data-gtm-element-container=\"modulo-texto-link\" class=\"paragraph\">La aplicaci\u00f3n pr\u00e1ctica de lo votado deber\u00eda comprobarse la semana que viene durante la celebraci\u00f3n de la feria inmobiliaria The District. Tambi\u00e9n vendr\u00e1n gestos, como la pancarta que se colgar\u00e1 en Sant Jaume durante la diada castellera de la Merc\u00e8 para \u201cdenunciar el genocidio en Gaza y en apoyo de la Global Sumud Flotilla\u201d. Viene a la memoria la pelea de banderas durante los a\u00f1os densos del proc\u00e9s . Quiz\u00e1s se acuerden porque tambi\u00e9n pas\u00f3 durante la Merc\u00e8 (2015) en el balc\u00f3n del Consistorio, con el concejal Alberto Fern\u00e1ndez D\u00edaz ondeando la de Espa\u00f1a y Coronas, la estelada.<\/p>\n<p>                <img loading=\"lazy\" decoding=\"async\" data-full-src=\"https:\/\/www.lavanguardia.com\/uploads\/2025\/09\/26\/68d6de50a91c2.jpeg\" alt=\"La bancada de los Comuns, con las pancartas y los pa\u00f1uelos en apoyo del pueblo palestino\" width=\"449\" height=\"299\" src=\"https:\/\/www.europesays.com\/es\/wp-content\/uploads\/2025\/09\/68d6de50a91c2.jpeg\" class=\"lazy\"\/><\/p>\n<p class=\"caption-title \">La bancada de los Comuns, con las pancartas y los pa\u00f1uelos en apoyo del pueblo palestino\u00a0<\/p>\n<p>                    Llibert Teixido<\/p>\n<p data-gtm-element-container=\"modulo-texto-link\" class=\"paragraph\">Tambi\u00e9n en el pleno celebrado este viernes ha habido espacio para los s\u00edmbolos de toda la vida. Ni m\u00e1s ni menos que el cuartel militar del Bruc, eterna reivindicaci\u00f3n que en esta ocasi\u00f3n llevaba el sello de Junts. Dami\u00e0 Calvet ha expuesto que el complejo deber\u00eda dejar de tener uso campestre para albergar vivienda protegida y equipamientos de barrio. A su grupo municipal le sale que en todo ese espacio \u2013cerca de 50.000 m2\u2013 caben entre 500 y 600 pisos. En una ciudad con tanto problema de acceso a un hogar, ha aseverado, \u201cBarcelona no puede permitirse este anacronismo\u201d. BCom\u00fa y ERC han comulgado al 100% con la iniciativa, mientras que PP y Vox han hablado de \u201cdemagogia\u201d y de \u201cirresponsabilidad\u201d. El PSC tambi\u00e9n ha votado en contra. A la teniente de alcalde Maria Eug\u00e8nia Gay le ha tocado el dif\u00edcil papel de irse por la tangente. Ha glosado los esfuerzos del gobierno local por construir pisos por toda la ciudad y ha recordado que el Ayuntamiento no tiene poder pol\u00edtico sobre el Bruc. \u201cEs una propuesta que no depende de nosotros y que generar\u00eda una expectativas dif\u00edciles de cumplir\u201d, ha resumido. En definitiva, y aunque la proposici\u00f3n ha obtenido una mayor\u00eda de votos favorables para nada vinculantes, el cuartel militar se queda.<\/p>\n<p data-gtm-element-container=\"modulo-texto-link\" class=\"paragraph\">Han corrido mejor suerte, tambi\u00e9n en materia de vivienda, dos iniciativas destinadas a incrementar la capacidad habitacional de la capital catalana. Por un lado, la autorizaci\u00f3n de un cr\u00e9dito del Banco Europeo de Inversiones que, por valor de 113 millones, permitir\u00e1 levantar 641 pisos. Por el otro, la cesi\u00f3n de dos solares para construir otros 150 hogares. Pero cuidado: si paga el Ayuntamiento, ni un solo ladrillo fabricado en Israel.<\/p>\n","protected":false},"excerpt":{"rendered":"Se ha aprobado el plan de seguridad vial 2025-2030, con el que se busca el objetivo de alcanzar&hellip;\n","protected":false},"author":2,"featured_media":140870,"comment_status":"","ping_status":"","sticky":false,"template":"","format":"standard","meta":{"footnotes":""},"categories":[273],"tags":[313,312,168,25,24,23,167],"class_list":{"0":"post-140869","1":"post","2":"type-post","3":"status-publish","4":"format-standard","5":"has-post-thumbnail","7":"category-ciclismo","8":"tag-ciclismo","9":"tag-cycling","10":"tag-deportes","11":"tag-es","12":"tag-espana","13":"tag-spain","14":"tag-sports"},"share_on_mastodon":{"url":"","error":""},"_links":{"self":[{"href":"https:\/\/www.europesays.com\/es\/wp-json\/wp\/v2\/posts\/140869","targetHints":{"allow":["GET"]}}],"collection":[{"href":"https:\/\/www.europesays.com\/es\/wp-json\/wp\/v2\/posts"}],"about":[{"href":"https:\/\/www.europesays.com\/es\/wp-json\/wp\/v2\/types\/post"}],"author":[{"embeddable":true,"href":"https:\/\/www.europesays.com\/es\/wp-json\/wp\/v2\/users\/2"}],"replies":[{"embeddable":true,"href":"https:\/\/www.europesays.com\/es\/wp-json\/wp\/v2\/comments?post=140869"}],"version-history":[{"count":0,"href":"https:\/\/www.europesays.com\/es\/wp-json\/wp\/v2\/posts\/140869\/revisions"}],"wp:featuredmedia":[{"embeddable":true,"href":"https:\/\/www.europesays.com\/es\/wp-json\/wp\/v2\/media\/140870"}],"wp:attachment":[{"href":"https:\/\/www.europesays.com\/es\/wp-json\/wp\/v2\/media?parent=140869"}],"wp:term":[{"taxonomy":"category","embeddable":true,"href":"https:\/\/www.europesays.com\/es\/wp-json\/wp\/v2\/categories?post=140869"},{"taxonomy":"post_tag","embeddable":true,"href":"https:\/\/www.europesays.com\/es\/wp-json\/wp\/v2\/tags?post=140869"}],"curies":[{"name":"wp","href":"https:\/\/api.w.org\/{rel}","templated":true}]}}