{"id":140871,"date":"2025-09-26T20:19:17","date_gmt":"2025-09-26T20:19:17","guid":{"rendered":"https:\/\/www.europesays.com\/es\/140871\/"},"modified":"2025-09-26T20:19:17","modified_gmt":"2025-09-26T20:19:17","slug":"historico-regreso-de-grosjean-al-volante-de-un-formula-1","status":"publish","type":"post","link":"https:\/\/www.europesays.com\/es\/140871\/","title":{"rendered":"hist\u00f3rico regreso de Grosjean al volante de un F\u00f3rmula 1"},"content":{"rendered":"<p><strong>Han pasado exactamente 1762 d\u00edas desde que la carrera de Romain Grosjean casi termina en tragedia. Aquel fat\u00eddico 29 de noviembre de 2020, el piloto franc\u00e9s escap\u00f3 milagrosamente del infierno de su monoplaza en llamas en el Gran Premio de Bar\u00e9in.<\/strong><\/p>\n<p>Hoy, casi cinco a\u00f1os despu\u00e9s de aquel impacto que dej\u00f3 cicatrices f\u00edsicas y emocionales, Grosjean ha cumplido su promesa pendiente: volver a pilotar un F\u00f3rmula 1.<\/p>\n<p><strong>El emotivo reencuentro con la m\u00e1xima categor\u00eda tuvo lugar en el circuito de Mugello, donde Grosjean se puso al volante del Haas VF-23, el monoplaza de la temporada 2023.<\/strong><\/p>\n<p><strong>La Deuda Pendiente: De Mercedes a Haas<\/strong><\/p>\n<p>El regreso se concreta tras una larga espera y varios intentos fallidos. Inmediatamente despu\u00e9s del accidente, Toto Wolff y Mercedes se comprometieron p\u00fablicamente a ofrecerle una prueba en Paul Ricard (Francia) para brindarle un digno adi\u00f3s a la F1.<\/p>\n<p>Sin embargo, las restricciones por el COVID-19 y los compromisos de Grosjean en la IndyCar\u2014categor\u00eda en la que compiti\u00f3 por tres temporadas\u2014impidieron que pudiera pilotar el dominante W10 de 2019.<\/p>\n<p>Cuatro a\u00f1os m\u00e1s tarde, el sue\u00f1o no se desvaneci\u00f3, sino que encontr\u00f3 un nuevo camino: de la mano del equipo que fue su casa durante a\u00f1os. Haas le dio la bienvenida de nuevo.<\/p>\n<p><img decoding=\"async\" src=\"https:\/\/www.europesays.com\/es\/wp-content\/uploads\/2025\/09\/XXW14lWGb_870x580__1.jpg\" alt=\"Hoy, casi cinco a\u00f1os despu\u00e9s de aquel impacto que dej\u00f3 cicatrices f\u00edsicas y emocionales, Grosjean ha cumplido su promesa pendiente: volver a pilotar un F\u00f3rmula 1.\" width=\"870\" height=\"580\" class=\"styles_cover-image__pRCD1\" loading=\"lazy\"\/>Hoy, casi cinco a\u00f1os despu\u00e9s de aquel impacto que dej\u00f3 cicatrices f\u00edsicas y emocionales, Grosjean ha cumplido su promesa pendiente: volver a pilotar un F\u00f3rmula 1.<\/p>\n<p><strong>La oportunidad se materializ\u00f3 gracias a la reciente llegada de nuevos patrocinadores y una colaboraci\u00f3n estrat\u00e9gica con Toyota. Esta inyecci\u00f3n de recursos permiti\u00f3 al equipo estadounidense poner en marcha un programa de pruebas con coches TPC (monoplazas de al menos dos a\u00f1os de antig\u00fcedad), abriendo la puerta no solo al franc\u00e9s, sino tambi\u00e9n a futuros pilotos de la marca japonesa.<\/strong><\/p>\n<p><strong>Un Test Cargado de Emoci\u00f3n y Simbolismo<\/strong><\/p>\n<p>El test en Mugello no fue solo un ejercicio de pilotaje; fue un evento de alto contenido simb\u00f3lico.<\/p>\n<p><strong>Para esta ocasi\u00f3n tan especial, Grosjean us\u00f3 el mismo casco dise\u00f1ado por sus hijos para lo que iba a ser su \u00faltimo Gran Premio en 2020. Las pruebas comenzaron bajo una lluvia ligera que no logr\u00f3 apagar el fuego de la emoci\u00f3n.<\/strong><\/p>\n<p>Supervisando cada vuelta desde el pit wall estuvo Ayao Komatsu, el actual director de Haas y un viejo conocido del piloto. Komatsu fue el ingeniero de pista de Grosjean tanto en Haas como en Lotus en 2015. Este reencuentro sell\u00f3 un fuerte v\u00ednculo emocional, recordando los cap\u00edtulos m\u00e1s significativos de su historia en el equipo.<\/p>\n<p><img decoding=\"async\" src=\"https:\/\/www.europesays.com\/es\/wp-content\/uploads\/2025\/09\/pIt-L0y5g_870x580__1.jpg\" alt=\"Hoy, casi cinco a\u00f1os despu\u00e9s de aquel impacto que dej\u00f3 cicatrices f\u00edsicas y emocionales, Grosjean ha cumplido su promesa pendiente: volver a pilotar un F\u00f3rmula 1.\" width=\"870\" height=\"580\" class=\"styles_cover-image__pRCD1\" loading=\"lazy\"\/>Hoy, casi cinco a\u00f1os despu\u00e9s de aquel impacto que dej\u00f3 cicatrices f\u00edsicas y emocionales, Grosjean ha cumplido su promesa pendiente: volver a pilotar un F\u00f3rmula 1.<\/p>\n<p><strong>El accidente record\u00f3 al mundo que, a pesar de los avances en seguridad, el automovilismo sigue siendo un deporte intr\u00ednsecamente peligroso. Pero el regreso de Grosjean es la prueba de que la pasi\u00f3n por las carreras siempre prevalece.<\/strong><\/p>\n<p>La jornada en Mugello tambi\u00e9n sirvi\u00f3 como escenario para los tests de neum\u00e1ticos Pirelli de 2026, con Ferrari rodando con un SF-25 en versi\u00f3n laboratorio, alternando entre Charles Leclerc y Zhou Guanyu.<\/p>\n<p><strong>Romain Grosjean, que actualmente desempe\u00f1a roles como piloto reserva de Prema y compite en el campeonato IMSA, finalmente cierra un cap\u00edtulo crucial en su carrera. Este test no es solo un regalo, sino el reconocimiento a su valent\u00eda y un emotivo adi\u00f3s al paddock de la F\u00f3rmula 1.<\/strong><\/p>\n","protected":false},"excerpt":{"rendered":"Han pasado exactamente 1762 d\u00edas desde que la carrera de Romain Grosjean casi termina en tragedia. Aquel fat\u00eddico&hellip;\n","protected":false},"author":2,"featured_media":140872,"comment_status":"","ping_status":"","sticky":false,"template":"","format":"standard","meta":{"footnotes":""},"categories":[270],"tags":[1763,168,25,24,306,271,272,23,167],"class_list":{"0":"post-140871","1":"post","2":"type-post","3":"status-publish","4":"format-standard","5":"has-post-thumbnail","7":"category-formula-1","8":"tag-automovilismo","9":"tag-deportes","10":"tag-es","11":"tag-espana","12":"tag-f1","13":"tag-formula-1","14":"tag-formula1","15":"tag-spain","16":"tag-sports"},"share_on_mastodon":{"url":"","error":""},"_links":{"self":[{"href":"https:\/\/www.europesays.com\/es\/wp-json\/wp\/v2\/posts\/140871","targetHints":{"allow":["GET"]}}],"collection":[{"href":"https:\/\/www.europesays.com\/es\/wp-json\/wp\/v2\/posts"}],"about":[{"href":"https:\/\/www.europesays.com\/es\/wp-json\/wp\/v2\/types\/post"}],"author":[{"embeddable":true,"href":"https:\/\/www.europesays.com\/es\/wp-json\/wp\/v2\/users\/2"}],"replies":[{"embeddable":true,"href":"https:\/\/www.europesays.com\/es\/wp-json\/wp\/v2\/comments?post=140871"}],"version-history":[{"count":0,"href":"https:\/\/www.europesays.com\/es\/wp-json\/wp\/v2\/posts\/140871\/revisions"}],"wp:featuredmedia":[{"embeddable":true,"href":"https:\/\/www.europesays.com\/es\/wp-json\/wp\/v2\/media\/140872"}],"wp:attachment":[{"href":"https:\/\/www.europesays.com\/es\/wp-json\/wp\/v2\/media?parent=140871"}],"wp:term":[{"taxonomy":"category","embeddable":true,"href":"https:\/\/www.europesays.com\/es\/wp-json\/wp\/v2\/categories?post=140871"},{"taxonomy":"post_tag","embeddable":true,"href":"https:\/\/www.europesays.com\/es\/wp-json\/wp\/v2\/tags?post=140871"}],"curies":[{"name":"wp","href":"https:\/\/api.w.org\/{rel}","templated":true}]}}