{"id":140883,"date":"2025-09-26T20:27:10","date_gmt":"2025-09-26T20:27:10","guid":{"rendered":"https:\/\/www.europesays.com\/es\/140883\/"},"modified":"2025-09-26T20:27:10","modified_gmt":"2025-09-26T20:27:10","slug":"hay-tanto-por-hacer-lamarea-com","status":"publish","type":"post","link":"https:\/\/www.europesays.com\/es\/140883\/","title":{"rendered":"Hay tanto por hacer\u2026 | lamarea.com"},"content":{"rendered":"<p>Fotograma de una filmaci\u00f3n de Ruiz Vergara utilizada en el documental \u2018Caja de resistencia\u2019. NUEVE CARTAS<\/p>\n<p>\u00abTengo la impresi\u00f3n de que he quemado las naves y tengo que volver a nado\u00bb, escribi\u00f3 <strong>Fernando <\/strong><strong>Ruiz Vergara<\/strong> en uno de sus cuadernos de trabajo. \u00abMe hace da\u00f1o constatar la ingenuidad de mi proceder\u00bb.<\/p>\n<p>\u00bfEra Ruiz Vergara un ingenuo? S\u00ed y no. En un determinado momento dijo lo que nadie se atrev\u00eda a decir. Y lo pag\u00f3. Pero alguien ten\u00eda que hacerlo. Su documental <strong>Roc\u00edo<\/strong> (1980) era un prodigioso estudio etnogr\u00e1fico y pol\u00edtico a partir de la romer\u00eda almonte\u00f1a. Analizaba la historia de la Iglesia y sus alianzas con la burgues\u00eda. Mostraba la fiesta desde la lucha de clases. Se deten\u00eda en su car\u00e1cter dionis\u00edaco. Siendo todo eso pol\u00e9mico, no fue lo que provoc\u00f3 su ca\u00edda en desgracia: tambi\u00e9n se\u00f1alaba con nombres y apellidos a uno de los responsables de <strong>la represi\u00f3n franquista en Almonte<\/strong>. Fue procesado por ello y su pel\u00edcula <a href=\"https:\/\/www.lamarea.com\/2014\/06\/09\/el-documental-sobre-el-rocio-que-fue-censurado-en-democracia\/\" rel=\"nofollow noopener\" target=\"_blank\">fue censurada<\/a> por injurias graves. En la actualidad, esa sentencia, emitida en 1984, sigue vigente. Poco import\u00f3 que medio pueblo se agolpara a las puertas del juzgado para testificar que todo lo que se dec\u00eda en Roc\u00edo era verdad. No les dejaron entrar. Ruiz Vergara nunca volvi\u00f3 a hacer cine.<\/p>\n<p>Hoy, los cineastas e investigadores <strong>Concha Barquero<\/strong> y <strong>Alejandro Alvarado<\/strong> han recogido su legado para elaborar Caja de resistencia. Este documental nace a partir de los guiones y notas de trabajo que escribi\u00f3 en su exilio portugu\u00e9s. All\u00ed, antes y despu\u00e9s de Roc\u00edo, encontr\u00f3 siempre refugio y camarader\u00eda. All\u00ed empez\u00f3 a hacer cine, en plena efervescencia de la Revoluci\u00f3n de los Claveles. Junto a sus amigos realiz\u00f3 un documentalismo militante cuyo esp\u00edritu queda perfectamente reflejado (y continuado) en Caja de resistencia. Es precisamente a esos locos del cine a quienes arrastra hasta Almonte para rodar su \u00fanica cinta. Son una docena de j\u00f3venes armados con c\u00e1maras a los que desperdiga por la aldea y cuyas im\u00e1genes, en combinaci\u00f3n con el afilado gui\u00f3n de <strong>Ana Vila<\/strong>, componen un hito del cine espa\u00f1ol. Y despu\u00e9s, el silencio.<\/p>\n<p><img decoding=\"async\" class=\"img-fluid\" alt=\"Fernando Ruiz Vergara\" ci-src=\"https:\/\/www.europesays.com\/es\/wp-content\/uploads\/2025\/09\/WEB-CajadeResistencia-Still9.jpg\"\/>Fernando Ruiz Vergara (a la izq.) con uno de sus operadores de c\u00e1mara. NUEVE CARTAS<\/p>\n<p>\u00abHay tanto por hacer\u2026\u00bb, suspira Ruiz Vergara en Caja de resistencia. Habla de su trabajo, pero sobre todo de la construcci\u00f3n de una sociedad ut\u00f3pica, m\u00e1s justa, m\u00e1s libre. <strong>\u00abEstamos montados en el caballo del dinero, del inter\u00e9s y de la puta que los pari\u00f3, <\/strong><strong>caralho<\/strong><strong>\u00bb<\/strong>, remacha en su particular portu\u00f1ol, atropellado y entrecortado por su prolongado apego al tabaco.<\/p>\n<p>Su vida induce inevitablemente a una reflexi\u00f3n: empez\u00f3 a trabajar de ni\u00f1o, haciendo churros con su madre; luego emigr\u00f3 a Alemania y m\u00e1s tarde a Francia, donde trabaj\u00f3 en una f\u00e1brica de encurtidos antes de recalar en Portugal. Su compromiso abarc\u00f3 <strong>el izquierdismo, el cooperativismo, el andalucismo,<\/strong> y a buen seguro ninguna de esas cosas le favoreci\u00f3 a la hora de desarrollar una carrera art\u00edstica. Pero si no volvi\u00f3 a rodar no fue por eso. Probablemente tampoco por se\u00f1alar a unos asesinos fascistas. Si no volvi\u00f3 a rodar fue por no haber nacido en una familia acomodada. Y porque Espa\u00f1a es como es.<\/p>\n<p>\u00abYa sabemos por d\u00f3nde van los tiros. Y sea en un momento o en otro, <strong>los hijos de puta son los mismos<\/strong>. Los que joden al personal est\u00e1n hist\u00f3ricamente retratados. \u00bfY qu\u00e9 pasa? \u00bfLos quitamos del retrato? \u00bfC\u00f3mo se hace eso?\u00bb, se pregunta Ruiz Vergara. \u00abPues habr\u00e1 que sembrar la coherencia y esperar a que crezca o\u2026 yo qu\u00e9 s\u00e9\u00bb.<\/p>\n<p class=\"has-text-align-right\"><strong>\u2018Caja de resistencia\u2019 se estren\u00f3 en cines el pasado 12 de septiembre, y se presentar\u00e1 el pr\u00f3ximo domingo en <a href=\"https:\/\/alcances.org\/\" target=\"_blank\" rel=\"noreferrer noopener nofollow\">Alcances, el Festival de Cine Documental de C\u00e1diz<\/a>. En Santiago de Compostela, se estrenar\u00e1 en el cine Numax el 29 de septiembre. Tambi\u00e9n se proyectar\u00e1 el 1 de octubre en el <a href=\"https:\/\/www.nuevocineandaluz.com\/\" target=\"_blank\" rel=\"noreferrer noopener nofollow\">Festival de Nuevo Cine Andaluz de Casares<\/a> (M\u00e1laga). El documental seguir\u00e1 de gira durante los pr\u00f3ximos meses por diferentes ciudades: M\u00e9rida, Madrid, Salamanca, A Coru\u00f1a, Las Palmas y San Sebasti\u00e1n, entre otras.<\/strong><\/p>\n<p class=\"has-text-align-center has-cyan-bluish-gray-background-color has-background\"><strong>Esta rese\u00f1a se ha publicado originalmente en El Periscopio, el suplemento cultural de La Marea. Puedes conseguir la revista <a href=\"https:\/\/kiosco.lamarea.com\/producto\/la-marea-108\/\" target=\"_blank\" rel=\"noreferrer noopener nofollow\">aqu\u00ed<\/a> o <a href=\"https:\/\/kiosco.lamarea.com\/\" target=\"_blank\" rel=\"noreferrer noopener nofollow\">suscribirte<\/a> para apoyar el periodismo independiente.<\/strong><\/p>\n","protected":false},"excerpt":{"rendered":"Fotograma de una filmaci\u00f3n de Ruiz Vergara utilizada en el documental \u2018Caja de resistencia\u2019. NUEVE CARTAS \u00abTengo la&hellip;\n","protected":false},"author":2,"featured_media":140884,"comment_status":"","ping_status":"","sticky":false,"template":"","format":"standard","meta":{"footnotes":""},"categories":[169],"tags":[177,43873,6084,146,147,25,24,176,43874,43875,175,43876,23],"class_list":{"0":"post-140883","1":"post","2":"type-post","3":"status-publish","4":"format-standard","5":"has-post-thumbnail","7":"category-cine","8":"tag-cine","9":"tag-cine-espaol","10":"tag-documental","11":"tag-entertainment","12":"tag-entretenimiento","13":"tag-es","14":"tag-espana","15":"tag-film","16":"tag-memoria-democrtica","17":"tag-memoria-histrica","18":"tag-movies","19":"tag-roco","20":"tag-spain"},"share_on_mastodon":{"url":"","error":""},"_links":{"self":[{"href":"https:\/\/www.europesays.com\/es\/wp-json\/wp\/v2\/posts\/140883","targetHints":{"allow":["GET"]}}],"collection":[{"href":"https:\/\/www.europesays.com\/es\/wp-json\/wp\/v2\/posts"}],"about":[{"href":"https:\/\/www.europesays.com\/es\/wp-json\/wp\/v2\/types\/post"}],"author":[{"embeddable":true,"href":"https:\/\/www.europesays.com\/es\/wp-json\/wp\/v2\/users\/2"}],"replies":[{"embeddable":true,"href":"https:\/\/www.europesays.com\/es\/wp-json\/wp\/v2\/comments?post=140883"}],"version-history":[{"count":0,"href":"https:\/\/www.europesays.com\/es\/wp-json\/wp\/v2\/posts\/140883\/revisions"}],"wp:featuredmedia":[{"embeddable":true,"href":"https:\/\/www.europesays.com\/es\/wp-json\/wp\/v2\/media\/140884"}],"wp:attachment":[{"href":"https:\/\/www.europesays.com\/es\/wp-json\/wp\/v2\/media?parent=140883"}],"wp:term":[{"taxonomy":"category","embeddable":true,"href":"https:\/\/www.europesays.com\/es\/wp-json\/wp\/v2\/categories?post=140883"},{"taxonomy":"post_tag","embeddable":true,"href":"https:\/\/www.europesays.com\/es\/wp-json\/wp\/v2\/tags?post=140883"}],"curies":[{"name":"wp","href":"https:\/\/api.w.org\/{rel}","templated":true}]}}