{"id":140885,"date":"2025-09-26T20:28:14","date_gmt":"2025-09-26T20:28:14","guid":{"rendered":"https:\/\/www.europesays.com\/es\/140885\/"},"modified":"2025-09-26T20:28:14","modified_gmt":"2025-09-26T20:28:14","slug":"baena-relata-las-consecuencias-de-la-agresion-de-valverde-no-queria-seguir","status":"publish","type":"post","link":"https:\/\/www.europesays.com\/es\/140885\/","title":{"rendered":"Baena relata las consecuencias de la agresi\u00f3n de Valverde: \u201cNo quer\u00eda seguir\u201d"},"content":{"rendered":"<p class=\"\">M\u00e1s de dos a\u00f1os despu\u00e9s de <a href=\"https:\/\/as.com\/futbol\/primera\/valverde-agrede-a-baena-junto-al-autobus-del-villarreal-n\/\" target=\"_self\" rel=\"nofollow noopener\" title=\"https:\/\/as.com\/futbol\/primera\/valverde-agrede-a-baena-junto-al-autobus-del-villarreal-n\/\">aquel supuesto pu\u00f1etazo de <b>Valverde <\/b>a <b>Baena<\/b><\/a>, ambos jugadores se enfrentar\u00e1n nuevamente, esta vez en un derbi entre <b>Atl\u00e9tico de Madrid<\/b> y <b>Real Madrid<\/b>.<\/p>\n<p><a href=\"https:\/\/as.com\/resultados\/ficha\/deportista\/alejandro_rodriguez_baena\/47024\/\" rel=\"nofollow noopener\" target=\"_blank\"><img decoding=\"async\" src=\"https:\/\/www.europesays.com\/es\/wp-content\/uploads\/2025\/09\/47024.png\" alt=\"Baena relata las consecuencias de la agresi\u00f3n de Valverde: \u201cNo quer\u00eda seguir\u201d\" height=\"80\" width=\"80\"  loading=\"lazy\" data-error-image=\"https:\/\/static.as.com\/dist\/resources\/images\/placeholder-player.png\"\/><\/a><a href=\"https:\/\/as.com\/resultados\/ficha\/deportista\/federico_valverde\/39151\/\" rel=\"nofollow noopener\" target=\"_blank\"><img decoding=\"async\" src=\"https:\/\/www.europesays.com\/es\/wp-content\/uploads\/2025\/09\/1758918492_161_39151.png\" alt=\"Baena relata las consecuencias de la agresi\u00f3n de Valverde: \u201cNo quer\u00eda seguir\u201d\" height=\"80\" width=\"80\"  loading=\"lazy\" data-error-image=\"https:\/\/static.as.com\/dist\/resources\/images\/placeholder-player.png\"\/><\/a><\/p>\n<p class=\"\">En su momento el futbolista uruguayo cont\u00f3 en Carrusel Deportivo, que <b>Baena <\/b>hab\u00eda mentado a su hijo tanto sobre el mismo c\u00e9sped como en la misma zona de autobuses.<b> \u201cDime ahora lo que me has dicho sobre mi hijo en el campo\u201d<\/b> dijo <b>Valverde <\/b>a <b>Baena<\/b>, respondiendo a las supuestas palabras dichas por el de <b>Roquetas de Mar<\/b>: \u201cLlora ahora que tu hijo no va a nacer\u201d, en referencia a los problemas que hab\u00eda sufrido el feto y la pareja de <b>Valverde<\/b>, <b>Mina Bonino<\/b>.<\/p>\n<p class=\"\">Ante estas declaraciones, <b>Baena<\/b> contest\u00f3 en redes sociales que eran rotundamente falsas: \u201c<b>Estoy muy triste por la agresi\u00f3n que he sufrido tras el partido y sorprendido por lo que se est\u00e1 diciendo sobre mi persona. ES TOTALMENTE FALSO QUE YO DIJERA ESO<\/b>\u201d.<\/p>\n<p class=\"\">En julio de 2023, <a href=\"https:\/\/as.com\/futbol\/valverde-queda-absuelto-del-caso-baena-n\/\" target=\"_self\" rel=\"nofollow noopener\" title=\"https:\/\/as.com\/futbol\/valverde-queda-absuelto-del-caso-baena-n\/\">Valverde qued\u00f3 absuelto<\/a> por lo sucedido despu\u00e9s de que el <b>Comit\u00e9 de Competici\u00f3n<\/b> analizase y aceptase las alegaciones presentadas por club blanco. Meses despu\u00e9s, el futbolista espa\u00f1ol concedi\u00f3 una entrevista al medio Relevo, en la que se abri\u00f3 en profundidad sobre lo sucedido:<\/p>\n<p class=\"\"><b>\u201cEstuve a punto de dejar todo, de dejar el f\u00fatbol, lleg\u00f3 un momento que mi cabeza explot\u00f3, que no quer\u00eda seguir<\/b>. Coincidi\u00f3 con mi convocatoria de la Selecci\u00f3n, que fui cuando m\u00e1s toqu\u00e9 fondo. Me acuerdo que envi\u00e9 un texto a mi psic\u00f3logo que lo quer\u00eda dejar. Entre todos me ayudaron, la convocatoria de la Selecci\u00f3n me subi\u00f3 el \u00e1nimo. Tambi\u00e9n por casualidades de la vida, el partido del Bernab\u00e9u fue mi punto de inflexi\u00f3n, que me lesiono por un pisot\u00f3n, pero ese d\u00eda fue cuando mi cabeza hizo \u2018click\u2019, explic\u00f3 un <b>Baena <\/b>que tambi\u00e9n asegur\u00f3 que iba al psic\u00f3logo desde que lleg\u00f3 al primer equipo del <b>Villarreal<\/b>.<\/p>\n<p class=\"\"><b>\u201cLo de Valverde son cosas que pasan<\/b>, hay que verlo de una manera que en ese momento no lo ve\u00eda, lo ve\u00eda todo negro. <b>La presi\u00f3n medi\u00e1tica que tuve y sigo teniendo a ra\u00edz de eso es muy alta<\/b>.<b> Pero la gente no me conoce fuera del campo y se quedan con lo que pas\u00f3, lo que ven en el campo<\/b>. Es verdad que yo dentro del campo soy muy distinto: soy muy ganador, muy competitivo, que a lo mejor en ciertas acciones me paso de la raya, pero nunca es con maldad ni por ir a hacer da\u00f1o. Y fuera soy todo lo contrario: t\u00edmido, vergonzoso, reservado. Pero eso la gente no lo ve, aunque lo que me importa es que lo vean los m\u00edos\u00bb, contin\u00fao diciendo el de Roquetas de Mar.<\/p>\n<p class=\"\"><b>\u201cPara crecer, madurar y avanzar hay que saber perdonar. Yo s\u00e9 que es muy dif\u00edcil que se d\u00e9 esa situaci\u00f3n, <\/b>que los dos nos pongamos de acuerdo en lo que pas\u00f3, pero yo s\u00ed que me sentar\u00eda y hablar\u00edamos.<b> Por mi parte est\u00e1 todo bien, s\u00e9 que es un tema muy delicado y dif\u00edcil, pero por mi parte siempre habr\u00e1 predisposici\u00f3n\u201d, <\/b>asegur\u00f3<b> \u00c1lex Baena<\/b>.<\/p>\n<p class=\"\">Tras ello se volver\u00edan a ver las caras varias veces m\u00e1s, pero en la \u00faltima, el hacha de guerra parec\u00eda estar ya enterrado. Ambos llegaron incluso a darse un apret\u00f3n de manos.<\/p>\n<p>Noticias relacionadas<a href=\"https:\/\/as.com\/futbol\/primera\/las-cuatro-versiones-del-punetazo-de-valverde-a-alex-baena-n\/\" class=\"s_m_w\" title=\"Valverde denuncia insultos de Baena mentando a su pr\u00f3ximo hijo. El jugador amarillo lo desmiente. El Villareal no denunciar\u00e1, pero el jugador s\u00ed lo hizo ante la Polic\u00eda.\" data-tb-link=\"\" rel=\"nofollow noopener\" target=\"_blank\"><img decoding=\"async\" src=\"https:\/\/www.europesays.com\/es\/wp-content\/uploads\/2025\/09\/3DJ2Y7C66IYIYTWYG3MJQYZFFM.jpg\" alt=\"Las cuatro versiones del pu\u00f1etazo de Valverde a Alex Baena\" class=\"\" height=\"1\" width=\"1\"   loading=\"lazy\" data-tb-thumbnail=\"\"\/><\/a><a href=\"https:\/\/as.com\/futbol\/valverde-queda-absuelto-del-caso-baena-n\/\" class=\"s_m_w\" title=\"Competici\u00f3n archiva el expediente y acepta las alegaciones presentadas por el Real Madrid. Prevalece la decisi\u00f3n del Juzgado de Instrucci\u00f3n de Madrid del pasado 4 de julio.\" data-tb-link=\"\" rel=\"nofollow noopener\" target=\"_blank\"><img decoding=\"async\" src=\"https:\/\/www.europesays.com\/es\/wp-content\/uploads\/2025\/09\/YFTSBGDJU57MGPVW4IOIYJFIOE.jpg\" alt=\"Valverde queda absuelto del \u2018caso Baena\u2019\" class=\"\" height=\"1\" width=\"1\"   loading=\"lazy\" data-tb-thumbnail=\"\"\/><\/a><\/p>\n<p class=\"\">Ahora, <b>Baena<\/b> vivir\u00e1 con la camiseta del <b>Atl\u00e9tico de Madrid<\/b> su primer derbi ante el conjunto merengue en el que estar\u00e1 el otro protagonista de este conflicto, <b>Fede Valverde<\/b>.<\/p>\n<p class=\"\"><b>\u00a1Tus opiniones importan!<\/b> Comenta en los art\u00edculos y suscr\u00edbete gratis a nuestra <a href=\"https:\/\/asfan.as.com\/newsletters\/\" target=\"_blank\" rel=\"nofollow noopener\" title=\"https:\/\/asfan.as.com\/newsletters\/\">newsletter<\/a> y a las alertas informativas en la <a href=\"https:\/\/as.com\/aplicacion-de-as-n\/\" target=\"_blank\" rel=\"nofollow noopener\" title=\"https:\/\/as.com\/aplicacion-de-as-n\/\">App<\/a> o el canal de <a href=\"https:\/\/www.whatsapp.com\/channel\/0029VaAasdA7j6g745nz9M10\" target=\"_blank\" rel=\"nofollow noopener\" title=\"https:\/\/www.whatsapp.com\/channel\/0029VaAasdA7j6g745nz9M10\">WhatsApp<\/a>. \u00bfBuscas licenciar contenido? Haz clic <a href=\"https:\/\/profesional.elpais.com\/soluciones-sindicacion?utm_medium=interno&amp;utm_source=crosslinking&amp;utm_campaign=sindicacion_as_pie_articulos\" target=\"_blank\" rel=\"nofollow noopener\" title=\"https:\/\/profesional.elpais.com\/soluciones-sindicacion?utm_medium=interno&amp;utm_source=crosslinking&amp;utm_campaign=sindicacion_as_pie_articulos\">aqu\u00ed<\/a><\/p>\n","protected":false},"excerpt":{"rendered":"M\u00e1s de dos a\u00f1os despu\u00e9s de aquel supuesto pu\u00f1etazo de Valverde a Baena, ambos jugadores se enfrentar\u00e1n nuevamente,&hellip;\n","protected":false},"author":2,"featured_media":140886,"comment_status":"","ping_status":"","sticky":false,"template":"","format":"standard","meta":{"footnotes":""},"categories":[93],"tags":[168,25,24,23,167],"class_list":{"0":"post-140885","1":"post","2":"type-post","3":"status-publish","4":"format-standard","5":"has-post-thumbnail","7":"category-deportes","8":"tag-deportes","9":"tag-es","10":"tag-espana","11":"tag-spain","12":"tag-sports"},"share_on_mastodon":{"url":"","error":""},"_links":{"self":[{"href":"https:\/\/www.europesays.com\/es\/wp-json\/wp\/v2\/posts\/140885","targetHints":{"allow":["GET"]}}],"collection":[{"href":"https:\/\/www.europesays.com\/es\/wp-json\/wp\/v2\/posts"}],"about":[{"href":"https:\/\/www.europesays.com\/es\/wp-json\/wp\/v2\/types\/post"}],"author":[{"embeddable":true,"href":"https:\/\/www.europesays.com\/es\/wp-json\/wp\/v2\/users\/2"}],"replies":[{"embeddable":true,"href":"https:\/\/www.europesays.com\/es\/wp-json\/wp\/v2\/comments?post=140885"}],"version-history":[{"count":0,"href":"https:\/\/www.europesays.com\/es\/wp-json\/wp\/v2\/posts\/140885\/revisions"}],"wp:featuredmedia":[{"embeddable":true,"href":"https:\/\/www.europesays.com\/es\/wp-json\/wp\/v2\/media\/140886"}],"wp:attachment":[{"href":"https:\/\/www.europesays.com\/es\/wp-json\/wp\/v2\/media?parent=140885"}],"wp:term":[{"taxonomy":"category","embeddable":true,"href":"https:\/\/www.europesays.com\/es\/wp-json\/wp\/v2\/categories?post=140885"},{"taxonomy":"post_tag","embeddable":true,"href":"https:\/\/www.europesays.com\/es\/wp-json\/wp\/v2\/tags?post=140885"}],"curies":[{"name":"wp","href":"https:\/\/api.w.org\/{rel}","templated":true}]}}