{"id":140887,"date":"2025-09-26T20:30:16","date_gmt":"2025-09-26T20:30:16","guid":{"rendered":"https:\/\/www.europesays.com\/es\/140887\/"},"modified":"2025-09-26T20:30:16","modified_gmt":"2025-09-26T20:30:16","slug":"curro-romero-recibe-el-alta-tras-superar-una-neumonia-a-sus-91-anos","status":"publish","type":"post","link":"https:\/\/www.europesays.com\/es\/140887\/","title":{"rendered":"Curro Romero recibe el alta tras superar una neumon\u00eda a sus 91 a\u00f1os"},"content":{"rendered":"<p data-start=\"153\" data-end=\"919\">El mundo del toreo y de la cultura espa\u00f1ola respira hoy con alivio. <strong data-start=\"221\" data-end=\"270\">Curro Romero, el legendario Fara\u00f3n de Camas<\/strong>, ha recibido el alta hospitalaria este viernes tras superar un nuevo episodio de salud que hab\u00eda encendido todas las alarmas. A sus 91 a\u00f1os, el maestro <a href=\"https:\/\/okdiario.com\/look\/actualidad\/ultima-hora-sobre-ingreso-curro-romero-diestro-sido-trasladado-planta-2386815\" rel=\"nofollow noopener\" target=\"_blank\">fue ingresado el pasado lunes en el Hospital Virgen Macarena de Sevilla<\/a> por una <strong data-start=\"503\" data-end=\"549\">neumon\u00eda derivada del virus de la Covid-19<\/strong>, complicaci\u00f3n que en un primer momento despert\u00f3 gran preocupaci\u00f3n en su familia y en la afici\u00f3n taurina. Sin embargo, tras varios d\u00edas de observaci\u00f3n en una unidad especial y un tratamiento con antibi\u00f3ticos al que respondi\u00f3 favorablemente, los m\u00e9dicos han considerado que ya se encuentra lo suficientemente estable como para continuar la recuperaci\u00f3n en su domicilio.<\/p>\n<p data-start=\"921\" data-end=\"1567\">La noticia llega despu\u00e9s de jornadas de incertidumbre en las que tanto su esposa, <strong data-start=\"1003\" data-end=\"1019\">Carmen Tello<\/strong>, como sus allegados han estado pendientes minuto a minuto de su evoluci\u00f3n. Tello, que no se ha separado de su lado en ning\u00fan momento, transmit\u00eda calma pero tambi\u00e9n preocupaci\u00f3n durante los d\u00edas de ingreso. <strong>\u00ab\u00c9l est\u00e1 estable, pero ya sabemos lo que nos encontramos al venir a los hospitales\u2026<\/strong> Prefiere estar en su casa, o por lo menos en planta, pero est\u00e1 muy bien atendido\u00bb, explicaba a los medios en los momentos m\u00e1s complicados de la semana.<\/p>\n<p><img decoding=\"async\" loading=\"lazy\" class=\"size-full wp-image-2388859\" alt=\"Curro Romero y Carmen Tello a su salida del hospital. (Foto: Gtres)\" width=\"1700\" height=\"2560\"  src=\"https:\/\/www.europesays.com\/es\/wp-content\/uploads\/2025\/09\/1758214691_923_placeholder.jpg\"  bad-src=\"https:\/\/www.europesays.com\/es\/wp-content\/uploads\/2025\/09\/1758214691_923_placeholder.jpg\"\/><img decoding=\"async\" loading=\"lazy\" class=\"size-full wp-image-2388859\" src=\"https:\/\/www.europesays.com\/es\/wp-content\/uploads\/2025\/09\/fotoefectos.com_-2025-09-26t141508.572-1-scaled.jpg\" alt=\"Curro Romero y Carmen Tello a su salida del hospital. (Foto: Gtres)\" width=\"1700\" height=\"2560\"  \/> Curro Romero y Carmen Tello a su salida del hospital. (Foto: Gtres)<\/p>\n<p data-start=\"921\" data-end=\"1567\">Este episodio es uno m\u00e1s en la <strong data-start=\"1600\" data-end=\"1638\">larga cadena de problemas de salud<\/strong> que Curro Romero ha tenido que afrontar en los \u00faltimos a\u00f1os. En mayo de 2025 fue hospitalizado en dos ocasiones: <a href=\"https:\/\/okdiario.com\/look\/actualidad\/ultima-hora-sobre-ingreso-curro-romero-diestro-sido-trasladado-planta-2386815\" rel=\"nofollow noopener\" target=\"_blank\">primero por una infecci\u00f3n urinaria con fuerte bajada de tensi\u00f3n y, d\u00edas despu\u00e9s, por una crisis respiratoria<\/a> que deriv\u00f3 en una neumon\u00eda por aspiraci\u00f3n, relacionada con el Parkinson que padece desde hace tiempo. A ello se suma la fractura de f\u00e9mur sufrida en 2024, que oblig\u00f3 a una operaci\u00f3n de urgencia, y <strong>un c\u00e1ncer de laringe del que logr\u00f3 salir adelante en 2020. <\/strong>\u00ab<b>Empez\u00f3 en enero y le han dado 38 sesiones de radioterapia<\/b>. Lo ha pasado mal; los efectos secundarios le han agotado. <b>La edad es un factor de riesgo, pero se encuentra muy bien<\/b>; es superfuerte y aunque ha perdido algunos quilos le viene muy bien para sus pies. El tumor en la garganta ha desaparecido\u00bb, contaron entonces.<\/p>\n<p data-start=\"2313\" data-end=\"2911\">En este contexto, uno de los detalles m\u00e1s comentados en las \u00faltimas horas lo ha revelado la propia Carmen Tello: <strong>el d\u00eda en que <a href=\"https:\/\/okdiario.com\/look\/actualidad\/ultimo-manager-camilo-sesto-recuerda-dia-muerte-yo-mismo-lo-traslade-hospital-2386368\" rel=\"nofollow noopener\" target=\"_blank\">fue trasladado desde urgencias al hospital<\/a>, el maestro pidi\u00f3 que lo asearan y lo afeitaran antes de entrar en la sala.<\/strong> \u00abEso de llegar a urgencias con barba de varios d\u00edas es impensable en un hombre que adem\u00e1s de todo lo que tiene de arte e historia es sumamente coqueto y presumido\u00bb, confesaba su esposa con una mezcla de ternura y admiraci\u00f3n.<\/p>\n<p><img decoding=\"async\" loading=\"lazy\" class=\"size-full wp-image-2388896\" alt=\"Curro Romero a su salida del hospital. (Foto: Gtres)\" width=\"1703\" height=\"2560\"  src=\"https:\/\/www.europesays.com\/es\/wp-content\/uploads\/2025\/09\/1758214691_923_placeholder.jpg\"  bad-src=\"https:\/\/www.europesays.com\/es\/wp-content\/uploads\/2025\/09\/1758214691_923_placeholder.jpg\"\/><img decoding=\"async\" loading=\"lazy\" class=\"size-full wp-image-2388896\" src=\"https:\/\/www.europesays.com\/es\/wp-content\/uploads\/2025\/09\/u592011_009-1-scaled.jpg\" alt=\"Curro Romero a su salida del hospital. (Foto: Gtres)\" width=\"1703\" height=\"2560\"  \/> Curro Romero a su salida del hospital. (Foto: Gtres)<\/p>\n<p data-start=\"2313\" data-end=\"2911\">La figura de Curro Romero sigue despertando enorme admiraci\u00f3n entre los aficionados y el p\u00fablico general. Retirado de los ruedos desde el a\u00f1o 2000, Curro contin\u00faa siendo un referente del arte taurino por su estilo \u00fanico, su personalidad irrepetible y su carisma dentro y fuera de la plaza.<\/p>\n","protected":false},"excerpt":{"rendered":"El mundo del toreo y de la cultura espa\u00f1ola respira hoy con alivio. Curro Romero, el legendario Fara\u00f3n&hellip;\n","protected":false},"author":2,"featured_media":140888,"comment_status":"","ping_status":"","sticky":false,"template":"","format":"standard","meta":{"footnotes":""},"categories":[91],"tags":[42762,146,147,25,24,23],"class_list":{"0":"post-140887","1":"post","2":"type-post","3":"status-publish","4":"format-standard","5":"has-post-thumbnail","7":"category-entretenimiento","8":"tag-curro-romero","9":"tag-entertainment","10":"tag-entretenimiento","11":"tag-es","12":"tag-espana","13":"tag-spain"},"share_on_mastodon":{"url":"","error":""},"_links":{"self":[{"href":"https:\/\/www.europesays.com\/es\/wp-json\/wp\/v2\/posts\/140887","targetHints":{"allow":["GET"]}}],"collection":[{"href":"https:\/\/www.europesays.com\/es\/wp-json\/wp\/v2\/posts"}],"about":[{"href":"https:\/\/www.europesays.com\/es\/wp-json\/wp\/v2\/types\/post"}],"author":[{"embeddable":true,"href":"https:\/\/www.europesays.com\/es\/wp-json\/wp\/v2\/users\/2"}],"replies":[{"embeddable":true,"href":"https:\/\/www.europesays.com\/es\/wp-json\/wp\/v2\/comments?post=140887"}],"version-history":[{"count":0,"href":"https:\/\/www.europesays.com\/es\/wp-json\/wp\/v2\/posts\/140887\/revisions"}],"wp:featuredmedia":[{"embeddable":true,"href":"https:\/\/www.europesays.com\/es\/wp-json\/wp\/v2\/media\/140888"}],"wp:attachment":[{"href":"https:\/\/www.europesays.com\/es\/wp-json\/wp\/v2\/media?parent=140887"}],"wp:term":[{"taxonomy":"category","embeddable":true,"href":"https:\/\/www.europesays.com\/es\/wp-json\/wp\/v2\/categories?post=140887"},{"taxonomy":"post_tag","embeddable":true,"href":"https:\/\/www.europesays.com\/es\/wp-json\/wp\/v2\/tags?post=140887"}],"curies":[{"name":"wp","href":"https:\/\/api.w.org\/{rel}","templated":true}]}}