{"id":140914,"date":"2025-09-26T20:49:07","date_gmt":"2025-09-26T20:49:07","guid":{"rendered":"https:\/\/www.europesays.com\/es\/140914\/"},"modified":"2025-09-26T20:49:07","modified_gmt":"2025-09-26T20:49:07","slug":"de-quedar-tercero-en-gran-hermano-a-trabajar-con-almodovar-y-amenabar","status":"publish","type":"post","link":"https:\/\/www.europesays.com\/es\/140914\/","title":{"rendered":"de quedar tercero en &#8216;Gran Hermano&#8217; a trabajar con Almod\u00f3var y Amen\u00e1bar"},"content":{"rendered":"<p class=\"c-paragraph\">El nuevo milenio puso de moda dos conceptos en Espa\u00f1a:<a href=\"https:\/\/www.20minutos.es\/cinemania\/series\/netflix-plagio-juego-calamar-demanda-5634414\/\" rel=\"nofollow noopener\" target=\"_blank\"> telerrealidad <\/a>y experimento sociol\u00f3gico. Ambos ten\u00edan el mismo destinatario,<b> Gran Hermano<\/b>. La primera describ\u00eda con cierta objetividad el fen\u00f3meno de la peque\u00f1a pantalla, que conquist\u00f3 a millones de espectadores y va ya por su vig\u00e9sima edici\u00f3n. \u201cExperimento sociol\u00f3gico\u201d, en cambio, ten\u00eda algo de disculpa. Muchos espa\u00f1oles no sab\u00edan c\u00f3mo justificar que disfrutaban husmeando en los cotilleos (guionizados o no) de quienes hasta entonces eran desconocidos. Luego dejaron de serlo.<\/p>\n<p class=\"c-paragraph\"><b>Iv\u00e1n Armesto<\/b> era uno de los an\u00f3nimos que habitaron la casa primigenia. Qued\u00f3 tercero en una edici\u00f3n en la que gan\u00f3<b> Ismael Beiro<\/b>, que ha conseguido mantenerse a la vista gracias a su carrera como c\u00f3mico. Iv\u00e1n Armesto tard\u00f3 en encontrar su vocaci\u00f3n: <b>mont\u00f3 una empresa de figuraci\u00f3n<\/b>, debut\u00f3 como actor en El gran marciano, se reuni\u00f3 con Beiro en Expedici\u00f3n imposible y puso en pie un negocio de hosteler\u00eda. Tambi\u00e9n sufri\u00f3 un accidente practicando barranquismo y se fractur\u00f3 varias v\u00e9rtebras, apenas unos meses antes de que Beiro, su amigo inseparable en Gran Hermano, se descabalgase de su moto y pasara semanas en coma.<\/p>\n<p class=\"c-paragraph\">En una charla con La Voz de Galicia, Iv\u00e1n Armesto confes\u00f3 que visitar el plat\u00f3 de Mar\u00eda Teresa Campos en D\u00eda a D\u00eda le hizo interesarse por lo que ocurr\u00eda m\u00e1s all\u00e1 de la c\u00e1mara. Termin\u00f3 qued\u00e1ndose para la producci\u00f3n de reportajes, aunque no fue esta, tampoco, su \u00faltima estaci\u00f3n laboral. El cine y la televisi\u00f3n lo esperaban.\u00a0<\/p>\n<p>\u00bfD\u00f3nde hemos visto a Iv\u00e1n Armesto?<\/p>\n<p class=\"c-paragraph\">Adem\u00e1s de la ya citada intervenci\u00f3n en El gran marciano, Armesto ha retomado recientemente su carrera como actor. Desde que<b><a href=\"https:\/\/www.20minutos.es\/cinemania\/noticias\/torrente-eurovegas-secuela-freno-saga-taquillera_6241237_0.html\" rel=\"nofollow noopener\" target=\"_blank\"> Santiago Segura<\/a> lo recuper\u00f3 como int\u00e9rprete en Padre no hay m\u00e1s que uno<\/b> (2019), Armesto ha aparecido en Por los pelos, Fen\u00f3menas y, la \u00faltima de todas, Disco, Ibiza, Locom\u00eda.<\/p>\n<p class=\"c-paragraph\">Sin embargo, su participaci\u00f3n definitiva en el cine ha tenido lugar en el lado del set que no vemos. Su empresa de figuraci\u00f3n sigue en marcha y lo ha llevado a colaborar en la producci\u00f3n de <b><a href=\"https:\/\/www.20minutos.es\/cinemania\/noticias\/pasos-orfanato-ojos-julia-belen-rueda-vuelve-terror-dos-peliculas-dejaran-indiferente-nadie_6234031_0.html\" rel=\"nofollow noopener\" target=\"_blank\">El orfanato<\/a>, Dolor y gloria, Mientras dure la guerra<\/b> o<b> Nieva en Benidorm<\/b>. En otras palabras, a trabajar junto a Bayona, Almod\u00f3var, Amen\u00e1bar o Coixet. El curr\u00edculo de Armesto, descontando el par de apariciones como actor, supera las 100 pel\u00edculas, algunas de ellas entre lo m\u00e1s granado de lo que ha generado nuestro cine \u00faltimamente.<\/p>\n","protected":false},"excerpt":{"rendered":"El nuevo milenio puso de moda dos conceptos en Espa\u00f1a: telerrealidad y experimento sociol\u00f3gico. Ambos ten\u00edan el mismo&hellip;\n","protected":false},"author":2,"featured_media":140915,"comment_status":"","ping_status":"","sticky":false,"template":"","format":"standard","meta":{"footnotes":""},"categories":[171],"tags":[13339,146,147,25,24,3057,7669,267,23,214],"class_list":{"0":"post-140914","1":"post","2":"type-post","3":"status-publish","4":"format-standard","5":"has-post-thumbnail","7":"category-tv","8":"tag-alejandro-amenabar","9":"tag-entertainment","10":"tag-entretenimiento","11":"tag-es","12":"tag-espana","13":"tag-gran-hermano","14":"tag-pedro-almodovar","15":"tag-planseo","16":"tag-spain","17":"tag-tv"},"share_on_mastodon":{"url":"","error":""},"_links":{"self":[{"href":"https:\/\/www.europesays.com\/es\/wp-json\/wp\/v2\/posts\/140914","targetHints":{"allow":["GET"]}}],"collection":[{"href":"https:\/\/www.europesays.com\/es\/wp-json\/wp\/v2\/posts"}],"about":[{"href":"https:\/\/www.europesays.com\/es\/wp-json\/wp\/v2\/types\/post"}],"author":[{"embeddable":true,"href":"https:\/\/www.europesays.com\/es\/wp-json\/wp\/v2\/users\/2"}],"replies":[{"embeddable":true,"href":"https:\/\/www.europesays.com\/es\/wp-json\/wp\/v2\/comments?post=140914"}],"version-history":[{"count":0,"href":"https:\/\/www.europesays.com\/es\/wp-json\/wp\/v2\/posts\/140914\/revisions"}],"wp:featuredmedia":[{"embeddable":true,"href":"https:\/\/www.europesays.com\/es\/wp-json\/wp\/v2\/media\/140915"}],"wp:attachment":[{"href":"https:\/\/www.europesays.com\/es\/wp-json\/wp\/v2\/media?parent=140914"}],"wp:term":[{"taxonomy":"category","embeddable":true,"href":"https:\/\/www.europesays.com\/es\/wp-json\/wp\/v2\/categories?post=140914"},{"taxonomy":"post_tag","embeddable":true,"href":"https:\/\/www.europesays.com\/es\/wp-json\/wp\/v2\/tags?post=140914"}],"curies":[{"name":"wp","href":"https:\/\/api.w.org\/{rel}","templated":true}]}}