{"id":140947,"date":"2025-09-26T21:07:12","date_gmt":"2025-09-26T21:07:12","guid":{"rendered":"https:\/\/www.europesays.com\/es\/140947\/"},"modified":"2025-09-26T21:07:12","modified_gmt":"2025-09-26T21:07:12","slug":"la-cronica-del-casademont-zaragoza-benfica-una-presentacion-accidentada-88-74","status":"publish","type":"post","link":"https:\/\/www.europesays.com\/es\/140947\/","title":{"rendered":"La cr\u00f3nica del Casademont Zaragoza-Benfica: una presentaci\u00f3n accidentada (88-74)"},"content":{"rendered":"<p class=\"ft-text\">El <strong>Casademont Zaragoza<\/strong> tuvo una presentaci\u00f3n demasiado accidentada. El equipo se llev\u00f3 la<strong> victoria (88-74) <\/strong>ante un <strong>Benfica <\/strong>excesivamente duro en sus formas, desde luego nada amistoso, mostr\u00f3 que todav\u00eda est\u00e1 verde en varios aspectos, pero lo peor fue que perdi\u00f3 a dos jugadores por lesi\u00f3n, <strong> Stephens y Stevenson,<\/strong> a poco m\u00e1s de una semana de que empiece lo serio. Lo mejor fue ver a <strong>Joaqu\u00edn Rodr\u00edguez<\/strong> reclamando minutos y protagonismo como se debe, en la pista, cambiando un partido que amenazaba con embarrancar cuando irrumpi\u00f3 en la segunda parte para poner otro nivel de energ\u00eda, aportar puntos y defensa y llevar al equipo a la victoria.<\/p>\n<p class=\"ft-text\">El rival no era el mejor para sacar grandes conclusiones y para colmo, se emple\u00f3 con excesiva dureza desde el principio, pero pod\u00eda permitir al Casademont tener una buena presentaci\u00f3n, sin una gran oposici\u00f3n enfrente para poder lucir las cosas buenas del equipo, la calidad de los bases, los muelles de Robinson, la defensa de Stephens, las buenas intenciones de Stevenson&#8230;. m\u00e1s o menos estaba siendo as\u00ed, con el Casademont <strong>dominando el marcador desde el inicio con una decena de puntos de ventaja <\/strong>, sin grandes alardes pero dejando algunas acciones interesantes que llevarse a la boca. Pero la tarde se empez\u00f3 a torcer pronto y dej\u00f3 el mal cuerpo de las lesiones de Stephens y Stevenson en la primera mitad.<\/p>\n<p class=\"ft-text\">En el primer cuarto fue <strong>DJ Stephens quien tuvo que marcharse a los vestuarios tras una mala ca\u00edda en una contra en la que se da\u00f1\u00f3 el hombro derecho.<\/strong> En el segundo parcial fue Erik Stevenson quien se lastim\u00f3 la rodilla derecha al lanzarse a cortar un bal\u00f3n en el centro de la pista. Ambos regresaron al banquillo ya en la segunda mitad. Dos muy malas noticias, a la espera de las pertinentes pruebas m\u00e9dicas, con la visita del Baskonia para empezar la ACB a la vuelta de la esquina.<\/p>\n<p class=\"ft-text\">El partid fue empeorando un poco m\u00e1s, sin mucho orden, y el Benfica logr\u00f3 enjugar la diferencia para llegar al descanso con el marcador muy igualado (35-32). En la segunda mitad, sin los lesionados, fue el turno de Joaqu\u00edn Rodr\u00edguez en <strong>un duelo que ya hab\u00eda cambiado, que ya no estaba en manos del Casademont y que apenas dejaba ver buenas acciones con cuentagotas<\/strong> y, casi siempre, con Robinson y sus espectaculares saltos como protagonista. El hambre del uruguayo levant\u00f3 al equipo mientras el Benfica segu\u00eda emple\u00e1ndose con dureza. Demasiada.<\/p>\n<p class=\"ft-text\">A falta de continuidad y fluidez en el partido, entr\u00f3 en juego el resultado, puesto que el Benfica lleg\u00f3 a darle la vuelta (42-43) mediado el tercer cuarto pero <strong>los puntos de Joaqu\u00edn y la visi\u00f3n de Dubljevic volvieron a estirar la ventaja antes del parcial definitivo (62-52). <\/strong>Ambos fueron los grandes protagonistas de la segunda parte y permitieron al Casademont aumentar la renta hasta el 75-57 que parec\u00eda suficiente mientras el Benfica segu\u00eda emple\u00e1ndose con demasiada dureza, recibiendo incluso alguna t\u00e9cnica por ello.<\/p>\n<p class=\"ft-text\">El final fue algo m\u00e1s tranquilo, con tres jugadores del Benfica fuera por personales, y <strong>Joaqu\u00edn sumando en cada acci\u00f3n para ganarse el merecido aplauso de la grada.<\/strong> Para poco m\u00e1s sirvi\u00f3 el partido, cerrado con una victoria que sigue dejando algunas dudas, en el \u20185\u2019, por ejemplo, a las que ahora a\u00f1ade el estado del hombro de Stephens y la rodilla de Stevenson. En ocho d\u00edas empieza lo serio y ah\u00ed es mejor no dudar.<\/p>\n<p>FICHA T\u00c9CNICA<\/p>\n<p class=\"ft-text\"><strong>CASADEMONT ZARAGOZA:<\/strong> Trae Bell-Haynes (19), Santi Yusta (5), Miguel Gonz\u00e1lez (5), Devin Robinson (11), Bojan Dubljevic (16) -equipo inicial-, Joel Soriano (6), DJ Stephens (2), Erik Stevenson (4), Marco Spissu (1), Sadik Kabaca (2), Lucas Langarita y Joaqu\u00edn Rodr\u00edguez (12).<\/p>\n<p class=\"ft-text\"><strong>SL BENFICA:<\/strong> Broussard (8), Crandall (15), Dziewa (2), Yussuf (4), Sueing (15), Relvao (10), McEwen (12), Romdhane, Gameiro (6), Francisco, Silva (2), Andrade y Gomes.<\/p>\n<p class=\"ft-text\"><strong>PARCIALES<\/strong>: 21-9, 14-23, 27-20 y 26-22.<\/p>\n<p class=\"ft-text\"><strong>ELIMINADOS<\/strong>: Robinson, en el Casademont; Crandall, Dziewa y Yussuf, en el Benfica.<\/p>\n<p class=\"ft-text\"><strong>INCIDENCIAS<\/strong>: 3.439 espectadores en el pabell\u00f3n Pr\u00edncipe Felipe. Estuvieron presentes el equipo femenino y el U22.<\/p>\n","protected":false},"excerpt":{"rendered":"El Casademont Zaragoza tuvo una presentaci\u00f3n demasiado accidentada. El equipo se llev\u00f3 la victoria (88-74) ante un Benfica&hellip;\n","protected":false},"author":2,"featured_media":140948,"comment_status":"","ping_status":"","sticky":false,"template":"","format":"standard","meta":{"footnotes":""},"categories":[269],"tags":[299,298,5391,2511,5369,5293,168,5220,25,24,1045,2436,23,167,491],"class_list":{"0":"post-140947","1":"post","2":"type-post","3":"status-publish","4":"format-standard","5":"has-post-thumbnail","7":"category-baloncesto","8":"tag-baloncesto","9":"tag-basketball","10":"tag-benfica","11":"tag-casademont","12":"tag-casademont-zaragoza","13":"tag-cronica","14":"tag-deportes","15":"tag-energia","16":"tag-es","17":"tag-espana","18":"tag-partido","19":"tag-presentacion","20":"tag-spain","21":"tag-sports","22":"tag-zaragoza"},"share_on_mastodon":{"url":"","error":""},"_links":{"self":[{"href":"https:\/\/www.europesays.com\/es\/wp-json\/wp\/v2\/posts\/140947","targetHints":{"allow":["GET"]}}],"collection":[{"href":"https:\/\/www.europesays.com\/es\/wp-json\/wp\/v2\/posts"}],"about":[{"href":"https:\/\/www.europesays.com\/es\/wp-json\/wp\/v2\/types\/post"}],"author":[{"embeddable":true,"href":"https:\/\/www.europesays.com\/es\/wp-json\/wp\/v2\/users\/2"}],"replies":[{"embeddable":true,"href":"https:\/\/www.europesays.com\/es\/wp-json\/wp\/v2\/comments?post=140947"}],"version-history":[{"count":0,"href":"https:\/\/www.europesays.com\/es\/wp-json\/wp\/v2\/posts\/140947\/revisions"}],"wp:featuredmedia":[{"embeddable":true,"href":"https:\/\/www.europesays.com\/es\/wp-json\/wp\/v2\/media\/140948"}],"wp:attachment":[{"href":"https:\/\/www.europesays.com\/es\/wp-json\/wp\/v2\/media?parent=140947"}],"wp:term":[{"taxonomy":"category","embeddable":true,"href":"https:\/\/www.europesays.com\/es\/wp-json\/wp\/v2\/categories?post=140947"},{"taxonomy":"post_tag","embeddable":true,"href":"https:\/\/www.europesays.com\/es\/wp-json\/wp\/v2\/tags?post=140947"}],"curies":[{"name":"wp","href":"https:\/\/api.w.org\/{rel}","templated":true}]}}