{"id":140949,"date":"2025-09-26T21:08:12","date_gmt":"2025-09-26T21:08:12","guid":{"rendered":"https:\/\/www.europesays.com\/es\/140949\/"},"modified":"2025-09-26T21:08:12","modified_gmt":"2025-09-26T21:08:12","slug":"javier-faus-alerta-de-la-falta-de-transparencia-y-el-grave-problema-economico-en-el-fc-barcelona","status":"publish","type":"post","link":"https:\/\/www.europesays.com\/es\/140949\/","title":{"rendered":"Javier Faus alerta de la \u201cfalta de transparencia y el grave problema econ\u00f3mico\u201d en el FC Barcelona"},"content":{"rendered":"<p class=\"ft-text\">La situaci\u00f3n del FC Barcelona es cr\u00edtica. Lo afirma <strong>Javier Faus<\/strong>, presidente de Meridia Capital y exvicepresidente del FC Barcelona<strong>.<\/strong>\u00a0Lo es, por un lado, porque se enfrente a\u00a0<strong>un grave problema de transparencia<\/strong>. Por el otro, porque no hay una buena gesti\u00f3n financiera. As\u00ed, si \u201cel Bar\u00e7a es un tri\u00e1ngulo equil\u00e1tero con tres lados: el deportivo, el institucional y el econ\u00f3mico. Ahora mismo, solo uno funciona: el deportivo\u201d, ha asegurado durante su intervenci\u00f3n en las\u00a0<a href=\"https:\/\/www.elperiodico.com\/es\/economia\/20250926\/govern-prensa-iberica-inauguran-jornadas-121979334\" class=\"ft-link ft-link--decoration\" rel=\"nofollow noopener\" target=\"_blank\">jornadas empresariales de S\u2019Agar\u00f3 organizadas por EL PERI\u00d3DICO, Diari de Girona, &#8216;activos&#8217; y Prensa Ib\u00e9rica.<\/a><\/p>\n<p class=\"ft-text\">Seg\u00fan Faus,<strong>\u00a0el rendimiento en el campo \u201cva muy bien\u201d y mantiene vivo el \u00e1nimo de los socios y aficionados, pero la otra cara es preocupante<\/strong>. \u201cInstitucionalmente creo que el club no va bien. Falta transparencia. El socio no se tiene en cuenta y no se le explica qu\u00e9 est\u00e1 pasando.\u00a0<strong>No sabemos todav\u00eda qu\u00e9 son exactamente las palancas, ni qu\u00e9 ocurre con los palcos.<\/strong>\u00a0Se nos habla de inversores de Andorra o de Georgia, pero sin claridad. No se convoca una asamblea presencial desde hace cinco a\u00f1os, y eso no es aceptable en un club que pertenece a sus socios\u201d, ha denunciado.<\/p>\n<p>\u00abLa demonizaci\u00f3n de los fondos de inversi\u00f3n no resolver\u00e1 la crisis habitacional\u00bb<\/p>\n<p class=\"ft-text\">El presidente de Meridia Capital se ha pronunciado tambi\u00e9n sobre la actual\u00a0<strong>crisis de vivienda<\/strong>. En su opini\u00f3n, una de las causas que la explican ser\u00eda la par\u00e1lisis que vive el sector de la construcci\u00f3n desde la crisis de 2008. \u00abNo hay suficiente suelo, ni suficiente mano de obra para cubrir la demanda actual.\u00a0<strong>Tenemos que reinventar la industria hacia modelos m\u00e1s automatizados, porque las soluciones f\u00e1ciles no existen<\/strong>\u201d. Y, adem\u00e1s, ha a\u00f1adido que la demonizaci\u00f3n de los fondos de inversi\u00f3n no resolver\u00e1 la crisis habitacional: \u201cSi ma\u00f1ana desaparecieran todos los fondos, el problema seguir\u00eda igual\u201d.<\/p>\n<p class=\"ft-text\">Faus ha ampliado su reflexi\u00f3n hacia la\u00a0<strong>productividad en Catalu\u00f1a<\/strong>, se\u00f1alando que el crecimiento econ\u00f3mico se apoya demasiado en incorporar m\u00e1s trabajadores en sectores de bajo valor a\u00f1adido: \u201cEsto implica consumir m\u00e1s territorio y m\u00e1s recursos. El gran reto es redistribuir la productividad, porque el siglo XXI no va de repartir lo que producen unos pocos, sino de generar prosperidad y repartirla entre todos los territorios\u201d.<\/p>\n<p class=\"ft-text\">Esos frenos a la productividad pasan, seg\u00fan Faus, por\u00a0<strong>un exceso de<\/strong>\u00a0<strong>burocracia y de cultura del inmovilismo<\/strong>\u00a0en el pa\u00eds: \u201cCatalunya es donde m\u00e1s dificultades encontramos para transformar. Vivimos en un pa\u00eds excesivamente burocratizado y con una cultura reacia al cambio. Regulaci\u00f3n siempre debe haber, pero debe ser \u00e1gil. Lo contrario paraliza el pa\u00eds\u201d.<\/p>\n<p class=\"ft-text\">De cara al futuro, Faus ha defendido la necesidad de que Catalunya apueste por un\u00a0<strong>turismo de mayor valor a\u00f1adido<\/strong>\u00a0y se\u00f1al\u00f3 a\u00a0<strong>Asia y Estados Unidos\u00a0<\/strong>como los mercados estrat\u00e9gicos: \u201cMenos es m\u00e1s. No necesitamos m\u00e1s volumen, sino atraer a visitantes que aporten productividad y calidad. Catalunya deber\u00eda centrarse en Asia, que es adem\u00e1s donde tenemos ventaja frente a Barajas, m\u00e1s orientado a Latinoam\u00e9rica\u201d.<\/p>\n<p>Sobre las Jornadas Empresariales de S\u2019Agar\u00f3 2025<\/p>\n<p class=\"ft-text\">Las\u00a0<strong>Jornadas Empresariales de S\u2019Agar\u00f3 2025<\/strong>, que este jueves celebran su tercera edici\u00f3n en el Hostal La Gavina, se han consolidado como un punto de encuentro clave del tejido econ\u00f3mico y empresarial catal\u00e1n. Organizadas por\u00a0Diari de Girona,\u00a0El Peri\u00f3dico,\u00a0Activos\u00a0y Prensa Ib\u00e9rica, las sesiones buscan poner sobre la mesa los principales retos y oportunidades de la econom\u00eda catalana, con la participaci\u00f3n de voces destacadas del mundo empresarial, acad\u00e9mico y pol\u00edtico. El encuentro cuenta con el patrocinio de\u00a0<strong>Quantica, Endesa, Acc\u00e9s R\u00e0pid (Manusa), Neorg, el Ayuntamiento de Castell d\u2019Aro, Platja d\u2019Aro y s\u2019Agar\u00f3, Easiploy, Cajamar y la Generalitat de Catalunya<\/strong>, y la colaboraci\u00f3n de\u00a0<strong>Codorn\u00edu<\/strong>.<\/p>\n","protected":false},"excerpt":{"rendered":"La situaci\u00f3n del FC Barcelona es cr\u00edtica. Lo afirma Javier Faus, presidente de Meridia Capital y exvicepresidente del&hellip;\n","protected":false},"author":2,"featured_media":140950,"comment_status":"","ping_status":"","sticky":false,"template":"","format":"standard","meta":{"footnotes":""},"categories":[268],"tags":[168,25,24,881,280,282,43881,281,23,167],"class_list":{"0":"post-140949","1":"post","2":"type-post","3":"status-publish","4":"format-standard","5":"has-post-thumbnail","7":"category-futbol","8":"tag-deportes","9":"tag-es","10":"tag-espana","11":"tag-fc-barcelona","12":"tag-football","13":"tag-futbol","14":"tag-javier-faus","15":"tag-soccer","16":"tag-spain","17":"tag-sports"},"share_on_mastodon":{"url":"","error":""},"_links":{"self":[{"href":"https:\/\/www.europesays.com\/es\/wp-json\/wp\/v2\/posts\/140949","targetHints":{"allow":["GET"]}}],"collection":[{"href":"https:\/\/www.europesays.com\/es\/wp-json\/wp\/v2\/posts"}],"about":[{"href":"https:\/\/www.europesays.com\/es\/wp-json\/wp\/v2\/types\/post"}],"author":[{"embeddable":true,"href":"https:\/\/www.europesays.com\/es\/wp-json\/wp\/v2\/users\/2"}],"replies":[{"embeddable":true,"href":"https:\/\/www.europesays.com\/es\/wp-json\/wp\/v2\/comments?post=140949"}],"version-history":[{"count":0,"href":"https:\/\/www.europesays.com\/es\/wp-json\/wp\/v2\/posts\/140949\/revisions"}],"wp:featuredmedia":[{"embeddable":true,"href":"https:\/\/www.europesays.com\/es\/wp-json\/wp\/v2\/media\/140950"}],"wp:attachment":[{"href":"https:\/\/www.europesays.com\/es\/wp-json\/wp\/v2\/media?parent=140949"}],"wp:term":[{"taxonomy":"category","embeddable":true,"href":"https:\/\/www.europesays.com\/es\/wp-json\/wp\/v2\/categories?post=140949"},{"taxonomy":"post_tag","embeddable":true,"href":"https:\/\/www.europesays.com\/es\/wp-json\/wp\/v2\/tags?post=140949"}],"curies":[{"name":"wp","href":"https:\/\/api.w.org\/{rel}","templated":true}]}}