{"id":140984,"date":"2025-09-26T21:28:09","date_gmt":"2025-09-26T21:28:09","guid":{"rendered":"https:\/\/www.europesays.com\/es\/140984\/"},"modified":"2025-09-26T21:28:09","modified_gmt":"2025-09-26T21:28:09","slug":"paula-ostiz-quiere-un-sabado-de-oro-habra-que-madrugar-para-verla","status":"publish","type":"post","link":"https:\/\/www.europesays.com\/es\/140984\/","title":{"rendered":"Paula Ostiz quiere un s\u00e1bado de oro, habr\u00e1 que madrugar para verla"},"content":{"rendered":"<p>\n<strong>Cuatro d\u00edas despu\u00e9s de conquistar la medalla de plata mundial contrarreloj,<\/strong> la pamplonesa<strong> Paula Ostiz -18 a\u00f1os- <\/strong>afronta el segundo asalto al maillot arco\u00edris de fondo en carretera, el objetivo por el que lleva trabajando a\u00f1os.<strong>  Ser\u00e1 pronto, a las ocho y 20 de\u00a0 de la ma\u00f1ana sabatina, <\/strong>con un trazado m\u00e1s que exigente. <strong>74 kil\u00f3metros <\/strong>sin descanso, con cuatro vueltas al circuito mundialist<strong>a, cinco  ascensiones, m\u00e1s de 1.500 metros de desnivel acumulado.<\/strong>\n<\/p>\n<p><strong>LA RESACA Y EL SUE\u00d1O<\/strong><\/p>\n<p>\n<strong>Paula Ostiz<\/strong> vivi\u00f3 una aut\u00e9ntica locura el martes tras ganar la medalla de plata de crono. La felicitaci\u00f3n que m\u00e1s ilusi\u00f3n le hizo fue la del seleccionador nacional, <strong>Alejandro Valverde, <\/strong>que le agasaj\u00f3 en Instagram. \u201cHa sido siempre mi \u00eddolo, y me ha parecido alucinante\u201d.<\/p>\n<p>Ostiz ha digerido bien la medalla, y estos cuatro d\u00edas los ha dedicado a recuperar, descansar y supervisar el recorrido. \u201cLlevaba muchos a\u00f1os trabajando en esto con mi preparador, y quer\u00eda pelear por el oro. En la crono me qued\u00e9 sin radio en el kil\u00f3metro 8 y fui sin referencias, la zona del empedrado se me hizo muy dura, pero no sab\u00eda si iba bien o iba mal. A falta 200 metros ya fui  a top<strong>e. Ser subcampeona del mundo es un orgullo incre\u00edble, porque eres la segunda mejor ciclista del mundo en una categor\u00eda con much\u00edsimo nivel\u201d, <\/strong>comentaba ayer Paula Ostiz.<\/p>\n<p>Es un recorruido que me encanta, es muy duro y habr\u00e1 que ir guardando hasta el final\u00bb,<strong> Paula Ostiz. Ciclista navarra<\/strong><\/p>\n<p><strong>ACEPTA EL RETO<\/strong><\/p>\n<p>Paula Ostiz llega en tiempo y forma al momento m\u00e1s importante no de su temporada, sino de su carrera deportiva. <strong>Alcanza la prueba mundialista con 19 d\u00edas competidos, de los que siete han sido victorias.<\/strong>\n<\/p>\n<p>Ostiz va a estar arropada hoy por una selecci\u00f3n compuesta por <strong>Leyre Almena, Irati Aranguren  y  Lidia Castro.<\/strong>\n<\/p>\n<p>\u201cVa  a ser el  gran d\u00eda porque tenemos un superequipo que nos va a ayudar seguro, todas queremos esta medalla. Nos llevamos muy bien, somos un equipo\u201d, aseguraba ayer la pamplonesa. \u201cEs un recorrido que me gusta mucho, es muy duro, hay que saber guardar hasta el final. La que llegue m\u00e1s fresca pelear\u00e1 por las medallas\u201d.<\/p>\n<p>Son 71 las aspirantes al maillot arco\u00edris, con dos bloques que van a contar con cinco ciclistas cada una: Gran Breta\u00f1a (Boothman) y Canad\u00e1 (Swirenga). Un factor a tener en cuenta en un circuito tan dif\u00edcil de controlar como el de Ruanda. Y apunten entre las ruedas a seguir, a la campeona del mundo de crono, Megan Arens (PPBB) que se exhibi\u00f3 el mi\u00e9rcoles.<\/p>\n","protected":false},"excerpt":{"rendered":"Cuatro d\u00edas despu\u00e9s de conquistar la medalla de plata mundial contrarreloj, la pamplonesa Paula Ostiz -18 a\u00f1os- afronta&hellip;\n","protected":false},"author":2,"featured_media":140985,"comment_status":"","ping_status":"","sticky":false,"template":"","format":"standard","meta":{"footnotes":""},"categories":[273],"tags":[313,312,168,25,24,3371,43324,8464,2615,3397,23,167],"class_list":{"0":"post-140984","1":"post","2":"type-post","3":"status-publish","4":"format-standard","5":"has-post-thumbnail","7":"category-ciclismo","8":"tag-ciclismo","9":"tag-cycling","10":"tag-deportes","11":"tag-es","12":"tag-espana","13":"tag-oro","14":"tag-ostiz","15":"tag-paula","16":"tag-quiere","17":"tag-sabado","18":"tag-spain","19":"tag-sports"},"share_on_mastodon":{"url":"","error":""},"_links":{"self":[{"href":"https:\/\/www.europesays.com\/es\/wp-json\/wp\/v2\/posts\/140984","targetHints":{"allow":["GET"]}}],"collection":[{"href":"https:\/\/www.europesays.com\/es\/wp-json\/wp\/v2\/posts"}],"about":[{"href":"https:\/\/www.europesays.com\/es\/wp-json\/wp\/v2\/types\/post"}],"author":[{"embeddable":true,"href":"https:\/\/www.europesays.com\/es\/wp-json\/wp\/v2\/users\/2"}],"replies":[{"embeddable":true,"href":"https:\/\/www.europesays.com\/es\/wp-json\/wp\/v2\/comments?post=140984"}],"version-history":[{"count":0,"href":"https:\/\/www.europesays.com\/es\/wp-json\/wp\/v2\/posts\/140984\/revisions"}],"wp:featuredmedia":[{"embeddable":true,"href":"https:\/\/www.europesays.com\/es\/wp-json\/wp\/v2\/media\/140985"}],"wp:attachment":[{"href":"https:\/\/www.europesays.com\/es\/wp-json\/wp\/v2\/media?parent=140984"}],"wp:term":[{"taxonomy":"category","embeddable":true,"href":"https:\/\/www.europesays.com\/es\/wp-json\/wp\/v2\/categories?post=140984"},{"taxonomy":"post_tag","embeddable":true,"href":"https:\/\/www.europesays.com\/es\/wp-json\/wp\/v2\/tags?post=140984"}],"curies":[{"name":"wp","href":"https:\/\/api.w.org\/{rel}","templated":true}]}}