{"id":141000,"date":"2025-09-26T21:40:06","date_gmt":"2025-09-26T21:40:06","guid":{"rendered":"https:\/\/www.europesays.com\/es\/141000\/"},"modified":"2025-09-26T21:40:06","modified_gmt":"2025-09-26T21:40:06","slug":"pediatras-y-vacunologos-llaman-a-extender-hasta-los-17-anos-la-inmunizacion-contra-la-gripe","status":"publish","type":"post","link":"https:\/\/www.europesays.com\/es\/141000\/","title":{"rendered":"Pediatras y vacun\u00f3logos llaman a extender hasta los 17 a\u00f1os la inmunizaci\u00f3n contra la gripe"},"content":{"rendered":"<p>En el arranque de la campa\u00f1a de <a target=\"_blank\" href=\"https:\/\/www.galiciae.com\/tags\/vacunas\/\" rel=\"nofollow noopener\">vacunaci\u00f3n<\/a> contra la <strong>gripe,<\/strong> que en Galicia se iniciar\u00e1 el <strong>pr\u00f3ximo lunes<\/strong> para extenderse hasta marzo, pediatras, infect\u00f3logos y vacun\u00f3logos se han unido para reclamar la inmunizaci\u00f3n sistem\u00e1tica entre los seis meses y los <strong>17 a\u00f1os<\/strong>. Los expertos dan el paso en vista de que <strong>estudios internacionales <\/strong>apuntan a un aumento de la <strong>mortalidad<\/strong> causada por esta patolog\u00eda respiratoria en el grupo de <strong>cinco a 17 a\u00f1os<\/strong>, adem\u00e1s de un incremento de los <strong>ingresos en las Uci.<\/strong> A este consenso han llegado la Asociaci\u00f3n Espa\u00f1ola de Pediatr\u00eda (<strong>AEP<\/strong>), la Sociedad Espa\u00f1ola de Infectolog\u00eda Pedi\u00e1trica (<strong>Seip<\/strong>) y la Asociaci\u00f3n Espa\u00f1ola de Vacunolog\u00eda (<strong>Aev<\/strong>), que ayer pusieron sobre la mesa sus recetas.<\/p>\n<p>En Galicia, el <strong>Sergas<\/strong>, que parte de los seis meses, decidi\u00f3 ampliar este a\u00f1o la dosis a los peque\u00f1os de hasta once a\u00f1os tirando m\u00e1s de la<strong> intranasal.<\/strong> En la pasada campa\u00f1a, la inmunizaci\u00f3n se ampli\u00f3 a las cohortes de <strong>dos a cinco a\u00f1os<\/strong>. El colectivo reconoce que Galicia es una de las comunidades que est\u00e1n \u00abempezando a poner m\u00e1s \u00e9nfasis\u00bb en este campo.<\/p>\n<p>Los expertos que llaman a extender la protecci\u00f3n se\u00f1alan que, en el <strong>Sistema Nacional de Salud <\/strong>la vacunaci\u00f3n en la infancia est\u00e1 financiada desde hace tres a\u00f1os, pero \u00absolo para los ni\u00f1os con entre seis y 59 meses\u00bb. Por encima de esas edades, solo se administra en casos \u00abde riesgo\u00bb. No obstante, los pediatras inciden en que se trata de una medida \u00abaltamente <strong>coste-efectiva<\/strong>\u00ab, que permite disminuir las consultas en atenci\u00f3n primaria, las urgencias y la hospitalizaci\u00f3n de ni\u00f1os, adolescentes y adultos no vacunados.<\/p>\n<p>Los expertos llaman a no subestimar los efectos del virus<\/p>\n<p>El colectivo llama a no subestimar los efectos de un<strong> virus <\/strong>que, en cada temporada, afecta \u00abal 30-40%\u00bb de la poblaci\u00f3n infantil, generando a nivel mundial hasta 4 millones de casos graves en menores de 18 y que deja 35.000 muertes entre los menores de cinco, m\u00e1s que los que ocasiona \u00abla enfermedad meningoc\u00f3cica\u00bb.<\/p>\n<p>Pese a ello, los <strong>vacun\u00f3logos<\/strong> constatan que los datos del <strong>Ministerio de Sanidad <\/strong>sit\u00faan la tasa de inmunizaci\u00f3n frente a la gripe en un promedio del 48,2%, frente al 95,7% que alcanza la antimeningoc\u00f3cica. Es por ello que ponen el foco en la concienciaci\u00f3n de los padres, en tanto que los<strong> infect\u00f3logos<\/strong> llaman a no perder de vista el papel de los ni\u00f1os \u00abcomo transmisores\u00bb. \u00abLos adultos transmitimos la gripe un d\u00eda antes y hasta cinco despu\u00e9s de mostrar los s\u00edntomas. Los ni\u00f1os lo hacen desde una semana antes y dos o tres despu\u00e9s\u00bb, se\u00f1ala el presidente de la Seip,<strong> Fernando Baquero,<\/strong> que recuerda que administrar la dosis en la infancia \u00abact\u00faa como un escudo para toda la comunidad\u00bb.<\/p>\n","protected":false},"excerpt":{"rendered":"En el arranque de la campa\u00f1a de vacunaci\u00f3n contra la gripe, que en Galicia se iniciar\u00e1 el pr\u00f3ximo&hellip;\n","protected":false},"author":2,"featured_media":141001,"comment_status":"","ping_status":"","sticky":false,"template":"","format":"standard","meta":{"footnotes":""},"categories":[92],"tags":[25,24,7749,165,166,1811,23,1454],"class_list":{"0":"post-141000","1":"post","2":"type-post","3":"status-publish","4":"format-standard","5":"has-post-thumbnail","7":"category-salud","8":"tag-es","9":"tag-espana","10":"tag-gripe","11":"tag-health","12":"tag-salud","13":"tag-sanidad","14":"tag-spain","15":"tag-vacunas"},"share_on_mastodon":{"url":"","error":""},"_links":{"self":[{"href":"https:\/\/www.europesays.com\/es\/wp-json\/wp\/v2\/posts\/141000","targetHints":{"allow":["GET"]}}],"collection":[{"href":"https:\/\/www.europesays.com\/es\/wp-json\/wp\/v2\/posts"}],"about":[{"href":"https:\/\/www.europesays.com\/es\/wp-json\/wp\/v2\/types\/post"}],"author":[{"embeddable":true,"href":"https:\/\/www.europesays.com\/es\/wp-json\/wp\/v2\/users\/2"}],"replies":[{"embeddable":true,"href":"https:\/\/www.europesays.com\/es\/wp-json\/wp\/v2\/comments?post=141000"}],"version-history":[{"count":0,"href":"https:\/\/www.europesays.com\/es\/wp-json\/wp\/v2\/posts\/141000\/revisions"}],"wp:featuredmedia":[{"embeddable":true,"href":"https:\/\/www.europesays.com\/es\/wp-json\/wp\/v2\/media\/141001"}],"wp:attachment":[{"href":"https:\/\/www.europesays.com\/es\/wp-json\/wp\/v2\/media?parent=141000"}],"wp:term":[{"taxonomy":"category","embeddable":true,"href":"https:\/\/www.europesays.com\/es\/wp-json\/wp\/v2\/categories?post=141000"},{"taxonomy":"post_tag","embeddable":true,"href":"https:\/\/www.europesays.com\/es\/wp-json\/wp\/v2\/tags?post=141000"}],"curies":[{"name":"wp","href":"https:\/\/api.w.org\/{rel}","templated":true}]}}