{"id":141009,"date":"2025-09-26T21:45:12","date_gmt":"2025-09-26T21:45:12","guid":{"rendered":"https:\/\/www.europesays.com\/es\/141009\/"},"modified":"2025-09-26T21:45:12","modified_gmt":"2025-09-26T21:45:12","slug":"seis-sindicatos-convocaran-un-paro-general-en-euskadi-y-nafarroa-en-solidaridad-con-palestina-y-contra-el-genocidio-en-gaza","status":"publish","type":"post","link":"https:\/\/www.europesays.com\/es\/141009\/","title":{"rendered":"Seis sindicatos convocar\u00e1n un paro general en Euskadi y Nafarroa en solidaridad con Palestina y contra el genocidio en Gaza"},"content":{"rendered":"<p>\n        Los sindicatos <strong>LAB, CCOO, Steilas, Solidari, Etxalde e Hiru<\/strong> convocar\u00e1n un <strong>paro general en Araba, Bizkaia, Gipuzkoa y Navarra <\/strong>para \u00abexpresar la <strong>solidaridad del conjunto de la clase trabajadora con el pueblo palestino\u00bb<\/strong> y denunciar el <strong>genocidio de Israel en <\/strong><a href=\"https:\/\/www.noticiasdenavarra.com\/tags\/gaza\/\" title=\"Gaza\" target=\"_blank\" class=\"link copy\" rel=\"nofollow noopener\"><strong>Gaza<\/strong><\/a><strong>.<\/strong>\n<\/p>\n<p class=\"article-body__text \">\n        En un comunicado, las centrales sindicales convocantes han explicado que esta jornada de \u00ablucha, movilizaci\u00f3n y asambleas de trabajadores\u00bb est\u00e1 abierta a todos los sindicatos que deseen participar en la misma y, en ese sentido, han avanzado que la pr\u00f3xima semana har\u00e1n p\u00fablica tanto la lista completa de convocantes como los diferentes detalles de la jornada.\n<\/p>\n<p class=\"article-body__text \">\n        Seg\u00fan han adelantado, el objetivo de esta convocatoria es \u00abexpresar la solidaridad del conjunto de la clase trabajadora con el pueblo palestino\u00bb y denunciar <strong>\u00abel genocidio y los cr\u00edmenes contra la humanidad que est\u00e1 cometiendo <\/strong><a href=\"https:\/\/www.noticiasdenavarra.com\/tags\/israel\/\" title=\"Israel\" target=\"_blank\" class=\"link copy\" rel=\"nofollow noopener\"><strong>Israel<\/strong><\/a><strong> contra el pueblo palestino con el apoyo del Gobierno de EE. UU.\u00bb.<\/strong>\n<\/p>\n<p class=\"article-body__text \">\n        Con esta iniciativa, tambi\u00e9n quieren denunciar \u00abla continua colonizaci\u00f3n del territorio palestino en <a href=\"https:\/\/www.noticiasdenavarra.com\/tags\/cisjordania\/\" title=\"Cisjordania\" target=\"_blank\" class=\"link copy\" rel=\"nofollow noopener\">Cisjordania<\/a> y sus graves consecuencias en las condiciones de trabajo y de vida de la clase trabajadora palestina\u00bb, as\u00ed como reclamar \u00abel fin inmediato del genocidio en Gaza\u00bb y demandar <strong>\u00abuna resoluci\u00f3n integral que acabe con la ocupaci\u00f3n y la colonizaci\u00f3n de Palestina<\/strong> y garantice el derecho del pueblo palestino a vivir en libertad\u00bb.\n<\/p>\n<p>  Negocios \u00aba costa de un genocidio\u00bb<\/p>\n<p class=\"article-body__text \">\n        Tambi\u00e9n exigir\u00e1n a la patronal y a las instituciones, \u00abtanto propias como internacionales, que suspendan toda relaci\u00f3n comercial con el Estado de Israel\u00bb porque <strong>\u00abno se puede seguir haciendo negocio a costa de un genocidio\u00bb,<\/strong> al tiempo que demandar\u00e1n la suspensi\u00f3n en su totalidad del Acuerdo de Asociaci\u00f3n Uni\u00f3n Europea-Israel.<\/p>\n","protected":false},"excerpt":{"rendered":"Los sindicatos LAB, CCOO, Steilas, Solidari, Etxalde e Hiru convocar\u00e1n un paro general en Araba, Bizkaia, Gipuzkoa y&hellip;\n","protected":false},"author":2,"featured_media":141010,"comment_status":"","ping_status":"","sticky":false,"template":"","format":"standard","meta":{"footnotes":""},"categories":[8],"tags":[17,18,43895,25,24,13,14,3015,11,19,20,9,10,15,16,13869,1139,3905,23,12,21,22],"class_list":{"0":"post-141009","1":"post","2":"type-post","3":"status-publish","4":"format-standard","5":"has-post-thumbnail","7":"category-espana","8":"tag-breaking-news","9":"tag-breakingnews","10":"tag-convocaran","11":"tag-es","12":"tag-espana","13":"tag-featured-news","14":"tag-featurednews","15":"tag-general","16":"tag-headlines","17":"tag-latest-news","18":"tag-latestnews","19":"tag-news","20":"tag-noticias","21":"tag-noticias-destacadas","22":"tag-noticiasdestacadas","23":"tag-paro","24":"tag-seis","25":"tag-sindicatos","26":"tag-spain","27":"tag-titulares","28":"tag-ultimas-noticias","29":"tag-ultimasnoticias"},"share_on_mastodon":{"url":"","error":""},"_links":{"self":[{"href":"https:\/\/www.europesays.com\/es\/wp-json\/wp\/v2\/posts\/141009","targetHints":{"allow":["GET"]}}],"collection":[{"href":"https:\/\/www.europesays.com\/es\/wp-json\/wp\/v2\/posts"}],"about":[{"href":"https:\/\/www.europesays.com\/es\/wp-json\/wp\/v2\/types\/post"}],"author":[{"embeddable":true,"href":"https:\/\/www.europesays.com\/es\/wp-json\/wp\/v2\/users\/2"}],"replies":[{"embeddable":true,"href":"https:\/\/www.europesays.com\/es\/wp-json\/wp\/v2\/comments?post=141009"}],"version-history":[{"count":0,"href":"https:\/\/www.europesays.com\/es\/wp-json\/wp\/v2\/posts\/141009\/revisions"}],"wp:featuredmedia":[{"embeddable":true,"href":"https:\/\/www.europesays.com\/es\/wp-json\/wp\/v2\/media\/141010"}],"wp:attachment":[{"href":"https:\/\/www.europesays.com\/es\/wp-json\/wp\/v2\/media?parent=141009"}],"wp:term":[{"taxonomy":"category","embeddable":true,"href":"https:\/\/www.europesays.com\/es\/wp-json\/wp\/v2\/categories?post=141009"},{"taxonomy":"post_tag","embeddable":true,"href":"https:\/\/www.europesays.com\/es\/wp-json\/wp\/v2\/tags?post=141009"}],"curies":[{"name":"wp","href":"https:\/\/api.w.org\/{rel}","templated":true}]}}