{"id":141037,"date":"2025-09-26T22:03:10","date_gmt":"2025-09-26T22:03:10","guid":{"rendered":"https:\/\/www.europesays.com\/es\/141037\/"},"modified":"2025-09-26T22:03:10","modified_gmt":"2025-09-26T22:03:10","slug":"fechas-grupos-prioritarios-y-novedades","status":"publish","type":"post","link":"https:\/\/www.europesays.com\/es\/141037\/","title":{"rendered":"fechas, grupos prioritarios y novedades"},"content":{"rendered":"<p>La llegada del oto\u00f1o marca tambi\u00e9n el <strong>inicio de la campa\u00f1a de vacunaci\u00f3n en <a target=\"_blank\" data-generated=\"auto\" href=\"https:\/\/www.aragondigital.es\/tags\/aragon\/\" rel=\"nofollow noopener\">Arag\u00f3n<\/a><\/strong>, que este a\u00f1o incluye la inmunizaci\u00f3n frente a la <strong><a target=\"_blank\" data-generated=\"auto\" href=\"https:\/\/www.aragondigital.es\/tags\/gripe\" rel=\"nofollow noopener\">gripe<\/a>, la covid-19 y, por primera vez, el virus respiratorio sincitial (VRS).\u00a0<\/strong><\/p>\n<p>El Departamento de Salud P\u00fablica ha establecido un <strong>calendario escalonado que comenzar\u00e1 el 1 de octubre<\/strong>, centrando la primera semana en los <strong>mayores que viven en residencias. A continuaci\u00f3n, ser\u00e1 el turno de los mayores de 80 a\u00f1os, otros grupos de riesgo y la poblaci\u00f3n infantil,<\/strong> con el objetivo de proteger a quienes presentan mayor vulnerabilidad frente a complicaciones respiratorias.<\/p>\n<p>Una de las grandes<strong> novedades es la ampliaci\u00f3n de la vacunaci\u00f3n en los colegios<\/strong>: este a\u00f1o se habilitar\u00e1n 122 centros educativos, frente a los 29 de la campa\u00f1a anterior, para facilitar la conciliaci\u00f3n de las familias. <strong>Los ni\u00f1os de 3 a 5 a\u00f1os recibir\u00e1n la vacuna antigripal en formato nasal, <\/strong>y aquellos cuyos padres prefieran que se vacunen en el centro de salud podr\u00e1n solicitar cita previa. Adem\u00e1s, los menores de seis meses ser\u00e1n inmunizados directamente en los centros de salud, mientras que los reci\u00e9n nacidos recibir\u00e1n la dosis correspondiente en los hospitales.<\/p>\n<ol class=\"table-of-contents\">\n<li><a href=\"#proteccion-frente-al-virus-sincitialnbsp-\">PROTECCI\u00d3N FRENTE AL VIRUS SINCITIAL\u00a0<\/a>\n<\/li>\n<li><a href=\"#acceso-libre-a-partir-de-noviembre\">ACCESO LIBRE A PARTIR DE NOVIEMBRE<\/a>\n<\/li>\n<\/ol>\n<p>PROTECCI\u00d3N FRENTE AL VIRUS SINCITIAL\u00a0<\/p>\n<p>Por primera vez, Arag\u00f3n administrar\u00e1<strong> 22.000 dosis<\/strong> de la vacuna Arexvy para proteger frente al virus sincitial a mayores <strong>en residencias y personas inmunocomprometidas<\/strong>, con el objetivo de evitar cuadros graves de infecciones respiratorias. En cuanto a la<strong>\u00a0covid-19, la vacunaci\u00f3n se centrar\u00e1 en las personas mayores de 70 a\u00f1os<\/strong>, una modificaci\u00f3n respecto a campa\u00f1as anteriores, en las que el umbral se situaba en los 60 a\u00f1os. <strong>Sin embargo, para la gripe, la recomendaci\u00f3n se mantiene para todas las personas mayores de 60 a\u00f1os<\/strong>, as\u00ed como para los menores que presenten patolog\u00edas previas.<\/p>\n<p>ACCESO LIBRE A PARTIR DE NOVIEMBRE<\/p>\n<p>Una vez finalizada la inmunizaci\u00f3n de los grupos prioritarios, a partir del 3 de noviembre, <strong>cualquier ciudadano podr\u00e1 pedir cita <\/strong>para recibir las vacunas que necesite, independientemente de su edad. Esta medida pretende flexibilizar y simplificar el proceso, facilitando la protecci\u00f3n de toda la poblaci\u00f3n aragonesa.<\/p>\n<p>Con esta campa\u00f1a, Arag\u00f3n busca <strong>reducir la incidencia de enfermedades respiratorias <\/strong>durante los meses de oto\u00f1o e invierno, protegiendo especialmente a las personas con mayor riesgo de sufrir complicaciones y evitando la saturaci\u00f3n de los servicios sanitarios.<\/p>\n<p style=\"font-size: 1.2rem;\"><strong>Queremos conocer tu opini\u00f3n<\/strong><br \/>Comenta las noticias en nuestras Redes: <a target=\"_blank\" href=\"https:\/\/www.facebook.com\/aragondigital\/\" rel=\"nofollow noopener\">Facebook<\/a>, <a target=\"_blank\" href=\"https:\/\/www.instagram.com\/aragon_digital\/\" rel=\"nofollow noopener\">Instagram<\/a>, <a target=\"_blank\" href=\"https:\/\/www.tiktok.com\/@aragondigital\" rel=\"nofollow noopener\">TikTok<\/a>, <a target=\"_blank\" href=\"https:\/\/x.com\/aragondigital\" rel=\"nofollow\">X<\/a>, <a target=\"_blank\" href=\"https:\/\/www.youtube.com\/user\/grupoaragondigital\" rel=\"nofollow noopener\">Youtube<\/a>, <a target=\"_blank\" href=\"https:\/\/www.linkedin.com\/company\/aragondigital-es\/\" rel=\"nofollow noopener\">Linkedin<\/a>&#8230;<br \/>Ap\u00fantate gratis a nuestro <a target=\"_blank\" href=\"https:\/\/www.aragondigital.es\/user\/register\/?target=newsletter\" rel=\"nofollow noopener\">bolet\u00edn<\/a> y ll\u00e9vanos en tu m\u00f3vil descarg\u00e1ndote la <a target=\"_blank\" href=\"https:\/\/play.google.com\/store\/apps\/details?id=com.opennemas.aragondigital\" rel=\"nofollow noopener\">App<\/a> o en el canal de <a target=\"_blank\" href=\"https:\/\/www.whatsapp.com\/channel\/0029VaCzzD5It5rxtjfrj71U\" rel=\"nofollow noopener\">WhatsApp<\/a>.<br \/>Y para contacto directo por mail con nuestros periodistas: <a href=\"http:\/\/www.aragondigital.es\/cdn-cgi\/l\/email-protection#cbb9aeafaaa8a8a2a4a58baab9aaaca4a5afa2aca2bfaaa7e5aeb8\" rel=\"nofollow noopener\" target=\"_blank\">[email\u00a0protected]<\/a><br \/><strong>Porque t\u00fa tambi\u00e9n eres Arag\u00f3n Digital<\/strong><\/p>\n<p>                          <script async src=\"\/\/www.instagram.com\/embed.js\"><\/script><script async src=\"\/\/www.tiktok.com\/embed.js\"><\/script><\/p>\n","protected":false},"excerpt":{"rendered":"La llegada del oto\u00f1o marca tambi\u00e9n el inicio de la campa\u00f1a de vacunaci\u00f3n en Arag\u00f3n, que este a\u00f1o&hellip;\n","protected":false},"author":2,"featured_media":141038,"comment_status":"","ping_status":"","sticky":false,"template":"","format":"standard","meta":{"footnotes":""},"categories":[92],"tags":[2270,25,24,7749,165,338,166,1811,23,11377,1454],"class_list":{"0":"post-141037","1":"post","2":"type-post","3":"status-publish","4":"format-standard","5":"has-post-thumbnail","7":"category-salud","8":"tag-covid","9":"tag-es","10":"tag-espana","11":"tag-gripe","12":"tag-health","13":"tag-portada","14":"tag-salud","15":"tag-sanidad","16":"tag-spain","17":"tag-te-interesa","18":"tag-vacunas"},"share_on_mastodon":{"url":"","error":""},"_links":{"self":[{"href":"https:\/\/www.europesays.com\/es\/wp-json\/wp\/v2\/posts\/141037","targetHints":{"allow":["GET"]}}],"collection":[{"href":"https:\/\/www.europesays.com\/es\/wp-json\/wp\/v2\/posts"}],"about":[{"href":"https:\/\/www.europesays.com\/es\/wp-json\/wp\/v2\/types\/post"}],"author":[{"embeddable":true,"href":"https:\/\/www.europesays.com\/es\/wp-json\/wp\/v2\/users\/2"}],"replies":[{"embeddable":true,"href":"https:\/\/www.europesays.com\/es\/wp-json\/wp\/v2\/comments?post=141037"}],"version-history":[{"count":0,"href":"https:\/\/www.europesays.com\/es\/wp-json\/wp\/v2\/posts\/141037\/revisions"}],"wp:featuredmedia":[{"embeddable":true,"href":"https:\/\/www.europesays.com\/es\/wp-json\/wp\/v2\/media\/141038"}],"wp:attachment":[{"href":"https:\/\/www.europesays.com\/es\/wp-json\/wp\/v2\/media?parent=141037"}],"wp:term":[{"taxonomy":"category","embeddable":true,"href":"https:\/\/www.europesays.com\/es\/wp-json\/wp\/v2\/categories?post=141037"},{"taxonomy":"post_tag","embeddable":true,"href":"https:\/\/www.europesays.com\/es\/wp-json\/wp\/v2\/tags?post=141037"}],"curies":[{"name":"wp","href":"https:\/\/api.w.org\/{rel}","templated":true}]}}