{"id":141041,"date":"2025-09-26T22:05:09","date_gmt":"2025-09-26T22:05:09","guid":{"rendered":"https:\/\/www.europesays.com\/es\/141041\/"},"modified":"2025-09-26T22:05:09","modified_gmt":"2025-09-26T22:05:09","slug":"hallan-craneo-de-un-millon-de-anos-que-podria-reescribir-la-historia-de-la-evolucion-humana","status":"publish","type":"post","link":"https:\/\/www.europesays.com\/es\/141041\/","title":{"rendered":"Hallan cr\u00e1neo de un mill\u00f3n de a\u00f1os que podr\u00eda reescribir la historia de la evoluci\u00f3n humana"},"content":{"rendered":"<p>La reconstrucci\u00f3n digital de un cr\u00e1neo de un mill\u00f3n de a\u00f1os sugiere que los humanos podr\u00edan haberse separado de sus ancestros<strong> 400.000 a\u00f1os antes de lo que se pensaba<\/strong> y que esto ocurri\u00f3 en Asia en lugar de \u00c1frica, seg\u00fan un estudio publicado el viernes.<\/p>\n<p>Este cr\u00e1neo aplastado, descubierto en China en 1990 y bautizado como Yunxian 2, se hab\u00eda considerado hasta ahora como <strong>perteneciente al Homo erectus,<\/strong> un ancestro de nuestra especie.<\/p>\n<p>Pero gracias a las tecnolog\u00edas modernas de reconstrucci\u00f3n, un grupo de investigadores descubri\u00f3 en el cr\u00e1neo caracter\u00edsticas \u2014como una capacidad cerebral aparentemente mayor\u2014 que <strong>lo acercan a especies como el Homo longi o el Homo sapiens;<\/strong> especies que se cre\u00eda hab\u00edan existido mucho m\u00e1s tarde en la evoluci\u00f3n humana.<\/p>\n<p><strong>\u00abEsto cambia muchas cosas\u00bb,<\/strong> afirm\u00f3 Chris Stringer, antrop\u00f3logo del Museo de Historia Natural de Londres y miembro del equipo de investigadores, cuyo estudio fue publicado en la revista Science.<\/p>\n<p>\u00abSugiere que hace un mill\u00f3n de a\u00f1os nuestros ancestros ya se hab\u00edan dividido en grupos distintos, lo que <strong>indica una divisi\u00f3n evolutiva humana mucho m\u00e1s antigua y compleja de lo que se pensaba\u00bb,<\/strong> explic\u00f3.<\/p>\n<p>Si estas conclusiones resultan correctas, significar\u00eda que podr\u00edan haber existido miembros mucho m\u00e1s antiguos de otros hom\u00ednidos primitivos, como el<strong> hombre de Neandertal o el Homo sapiens.<\/strong><\/p>\n<p>Esto tambi\u00e9n \u00abpone en entredicho\u00bb las hip\u00f3tesis establecidas desde hace tiempo seg\u00fan las cuales los primeros humanos se habr\u00edan dispersado partiendo de \u00c1frica, asegura Michael Petraglia, director del Centro Australiano de Investigaci\u00f3n sobre la Evoluci\u00f3n Humana de la Universidad Griffith, quien no particip\u00f3 en el estudio.<\/p>\n<p><strong>\u00abPodr\u00eda estar produci\u00e9ndose un cambio importante, con Asia Oriental desempe\u00f1ando ahora un papel clave en la evoluci\u00f3n de los hom\u00ednidos\u00bb,<\/strong> estim\u00f3.<\/p>\n<p>Los cient\u00edficos se basaron en otro cr\u00e1neo similar para crear su modelo, que luego compararon con m\u00e1s de 100 espec\u00edmenes adicionales.<\/p>\n<p>El estudio utiliz\u00f3 t\u00e9cnicas avanzadas de <strong>tomograf\u00eda computarizada, de im\u00e1genes con luz estructurada y de reconstrucci\u00f3n virtual<\/strong> para modelar un Yunxian 2 completo.<\/p>\n<p>\u00abYunxian 2 podr\u00eda ayudarnos a resolver\u00bb el gran enigma en torno a un \u00abconjunto confuso de f\u00f3siles humanos que datan de hace 1 mill\u00f3n a 300.000 a\u00f1os\u00bb, declar\u00f3 Stringer en un comunicado de prensa.<\/p>\n<p>Muchos aspectos de la evoluci\u00f3n humana siguen siendo objeto de debate mientras que <strong>los recientes hallazgos son solo los \u00faltimos de una serie de investigaciones recientes que han complicado lo que se cre\u00eda saber.<\/strong><\/p>\n<p>El Homo longi, tambi\u00e9n conocido como &#8216;hombre drag\u00f3n&#8217;, fue nombrado nueva especie y pariente cercano del ser humano en 2021 por un equipo en el que participaba Stringer.<\/p>\n<p>Los autores afirman que su trabajo ilustra la complejidad de nuestra historia compartida. <strong>\u00abF\u00f3siles como el Yunxian 2 demuestran lo mucho que a\u00fan nos queda por aprender sobre nuestros or\u00edgenes\u00bb,<\/strong> afirma Stringer.<\/p>\n","protected":false},"excerpt":{"rendered":"La reconstrucci\u00f3n digital de un cr\u00e1neo de un mill\u00f3n de a\u00f1os sugiere que los humanos podr\u00edan haberse separado&hellip;\n","protected":false},"author":2,"featured_media":141042,"comment_status":"","ping_status":"","sticky":false,"template":"","format":"standard","meta":{"footnotes":""},"categories":[81],"tags":[1615,119,123,124,43904,10414,25,24,19293,43903,117,121,122,23,118,120],"class_list":{"0":"post-141041","1":"post","2":"type-post","3":"status-publish","4":"format-standard","5":"has-post-thumbnail","7":"category-ciencia-y-tecnologia","8":"tag-china","9":"tag-ciencia","10":"tag-ciencia-y-tecnologia","11":"tag-cienciaytecnologia","12":"tag-cientficos","13":"tag-descubrimiento","14":"tag-es","15":"tag-espana","16":"tag-hallazgo","17":"tag-investigacin","18":"tag-science","19":"tag-science-and-technology","20":"tag-scienceandtechnology","21":"tag-spain","22":"tag-technology","23":"tag-tecnologia"},"share_on_mastodon":{"url":"","error":""},"_links":{"self":[{"href":"https:\/\/www.europesays.com\/es\/wp-json\/wp\/v2\/posts\/141041","targetHints":{"allow":["GET"]}}],"collection":[{"href":"https:\/\/www.europesays.com\/es\/wp-json\/wp\/v2\/posts"}],"about":[{"href":"https:\/\/www.europesays.com\/es\/wp-json\/wp\/v2\/types\/post"}],"author":[{"embeddable":true,"href":"https:\/\/www.europesays.com\/es\/wp-json\/wp\/v2\/users\/2"}],"replies":[{"embeddable":true,"href":"https:\/\/www.europesays.com\/es\/wp-json\/wp\/v2\/comments?post=141041"}],"version-history":[{"count":0,"href":"https:\/\/www.europesays.com\/es\/wp-json\/wp\/v2\/posts\/141041\/revisions"}],"wp:featuredmedia":[{"embeddable":true,"href":"https:\/\/www.europesays.com\/es\/wp-json\/wp\/v2\/media\/141042"}],"wp:attachment":[{"href":"https:\/\/www.europesays.com\/es\/wp-json\/wp\/v2\/media?parent=141041"}],"wp:term":[{"taxonomy":"category","embeddable":true,"href":"https:\/\/www.europesays.com\/es\/wp-json\/wp\/v2\/categories?post=141041"},{"taxonomy":"post_tag","embeddable":true,"href":"https:\/\/www.europesays.com\/es\/wp-json\/wp\/v2\/tags?post=141041"}],"curies":[{"name":"wp","href":"https:\/\/api.w.org\/{rel}","templated":true}]}}