{"id":141043,"date":"2025-09-26T22:06:17","date_gmt":"2025-09-26T22:06:17","guid":{"rendered":"https:\/\/www.europesays.com\/es\/141043\/"},"modified":"2025-09-26T22:06:17","modified_gmt":"2025-09-26T22:06:17","slug":"aena-corta-en-seco-las-presiones-de-erc-para-gobernar-el-prat-el-mundo","status":"publish","type":"post","link":"https:\/\/www.europesays.com\/es\/141043\/","title":{"rendered":"Aena corta en seco las presiones de ERC para gobernar El Prat &#8211; El Mundo"},"content":{"rendered":"<ol>\n<li><a href=\"https:\/\/news.google.com\/rss\/articles\/CBMiiAFBVV95cUxPLWVLTnBqOG9laTVRTklCM2NXZXhYSVpUbU10V3l5dDFxdmNTbk1QMHhkdVF1VlAyNFRsY2xyaGZsM1F2Ukc3YzZsLWxxWU9ibjFNZm8yYTY5dy0yNmZZN2tuNFlnaHI4NEF5eHJQaFg0cEpEWUJ0S2dXMkFSYlhVNjdXMzVqY0tR0gGIAUFVX3lxTE1wa3M4RVJuVDQ3WC1nUUNaWndCUjFwQTFvQnNBbXc1QWhVNXhoQWJBb0l0S0R6OXlrbEUyYU16dTc3RVl2TFlKdjI2NlBrcjNrUGJILVlKRnRvdWhwbEwyeGhhcjl5VWVWbHoyVDZydEk3UlRfUS1yWEJlck9ITng4Q1hWS1VBYlM?oc=5\" target=\"_blank\" rel=\"nofollow noopener\">Aena corta en seco las presiones de ERC para gobernar El Prat<\/a>&nbsp;&nbsp;El Mundo<\/li>\n<li><a href=\"https:\/\/news.google.com\/rss\/articles\/CBMisgFBVV95cUxQSll5d1FaMmxzOUhfWnpUeXh2NDN6djZ5aXNEVlJCR2w3WklPWnVobXZ1TGppUFAtWmYwbXNIZHZ3LUZ1QjJQUWZUa21rdEdVajBEa3NuZ0Fua3NnQ09MRlBjNmplZ05MekttdlJFVWNJSnFocnZIY3ZXUVkyYnRzbUs4aWROTlpOOW9FSFFET0ZSVTliMklwdHlMNEFPOURZc2cwVFFaa3hNX3RvNkFhaUV30gG3AUFVX3lxTE1KRmNjdFM5VkVyZlFud29ZanJ5OC04Ulg5aTJxODBUNno2b01vaUJSUHhBbGhvTzFlTjd0Ykk2ZDY5TDRhSTVEVW9IVnlmVF9zdkdhX19VemV5WjctQ3BteE9MNE5VRnVsOUFXdjRCUDBUc2JtbHlwbHJsV0hxNDRfUHAzNmF1czFEQkptVXR4bFVLYnNqWmFjR0ZOcEpIT0dGSjJDUFJvNmduVGh1ZVVvenplanRYRQ?oc=5\" target=\"_blank\" rel=\"nofollow noopener\">Aena rechaza compartir la gesti\u00f3n de El Prat y otros aeropuertos<\/a>&nbsp;&nbsp;La Vanguardia<\/li>\n<li><a href=\"https:\/\/news.google.com\/rss\/articles\/CBMiqwFBVV95cUxNOUI2b0ktOTYxOVE3QThSTXlfaVFSbU1JNkFBeHVTSU9VeTM5RWZtc2lQaXRhbjY1UmVNV2RTV3BtalAwU0tXYnRkRzhmbk9iYkdjRGFZRTRlc0hTQTZzelpuVEZKczItRm5Tbnd6QnhnM1RPZG9neVNnbU1WSmIyM3AwdDhyNDhYYjc2YnBINmdtUmM5Z0NyTkptUjN2Nlc0S0JQaGdkbGhpODQ?oc=5\" target=\"_blank\" rel=\"nofollow noopener\">El segundo accionista de Aena alerta de que la presi\u00f3n de las CCAA amenaza sus inversiones<\/a>&nbsp;&nbsp;El Confidencial<\/li>\n<li><a href=\"https:\/\/news.google.com\/rss\/articles\/CBMijwFBVV95cUxNR0hQUk9qS2ZLTm4zckM5Ml9XUW9TUi1pSllDRVRLdnpGSjM4Z01LSXYzXy1JcW5hdWp1WVhJUE5CaXdKZzZUSUZpTy1aWjljR3ZNNlJraUdnVTA1RFBTakZPNC1LdnUza1Q1dDhNMGJySFVxcWpEZWwzSVJfaTM4bUJZNWY0WkFXeFJuOEZFQQ?oc=5\" target=\"_blank\" rel=\"nofollow noopener\">TCI exige a Aena que no ceda gesti\u00f3n en los aeropuertos a las autonom\u00edas<\/a>&nbsp;&nbsp;Expansi\u00f3n<\/li>\n<li><a href=\"https:\/\/news.google.com\/rss\/articles\/CBMisAFBVV95cUxONDV2Q2lzRDlOQm1MOWdHeDhQa2dFUk1pdkI2ZFM4eXFvRjlZZ2RDY3d2QXU0dHloY2xZLUNHTVpPQXkxVjY2cnJTLVNEQjVHRzA0WHZjbGVydFVQa3BXd2FpaF9laFBpSkxEQUplR3dTMjJQZ0RjUWxUM3JrOTliUVpvdWNUcjBFclliXzc3Ym1ZZlg1bTVlekRwSkw5cHgxVXZsY2U4UEhOb1JTVmJXc9IBsAFBVV95cUxNeWJkcFVXcEpvNjNxZlpKTTR4TFBrM1V6QVVTYUVDT3lRaFY1QTNhVmdLeUVXNHZtMWFNQ0pWVUdoQXR4SENMcG5yUHgzWWNDTkZLMGJfTmpKODBHMDFVX1pSdUZjOUZwdVMtcFBJdjFKckZtWUI5UEdNZ1FlLUpXZG9PM1ppZHVUTWUwbm03Nlc4aGJ6RUhMdlA5UmVzVTVNc18yRUZoa1UxUllEc2R1Zg?oc=5\" target=\"_blank\" rel=\"nofollow noopener\">Aena defiende su modelo de gesti\u00f3n integrada sin participaci\u00f3n auton\u00f3mica al no haber una propuesta madura<\/a>&nbsp;&nbsp;RTVE.es<\/li>\n<\/ol>\n","protected":false},"excerpt":{"rendered":"Aena corta en seco las presiones de ERC para gobernar El Prat&nbsp;&nbsp;El Mundo Aena rechaza compartir la gesti\u00f3n&hellip;\n","protected":false},"author":2,"featured_media":141044,"comment_status":"","ping_status":"","sticky":false,"template":"","format":"standard","meta":{"footnotes":""},"categories":[80],"tags":[82,95,21199,94,25,24,23],"class_list":{"0":"post-141043","1":"post","2":"type-post","3":"status-publish","4":"format-standard","5":"has-post-thumbnail","7":"category-economia","8":"tag-business","9":"tag-economia","10":"tag-economia-empresas","11":"tag-economy","12":"tag-es","13":"tag-espana","14":"tag-spain"},"share_on_mastodon":{"url":"","error":""},"_links":{"self":[{"href":"https:\/\/www.europesays.com\/es\/wp-json\/wp\/v2\/posts\/141043","targetHints":{"allow":["GET"]}}],"collection":[{"href":"https:\/\/www.europesays.com\/es\/wp-json\/wp\/v2\/posts"}],"about":[{"href":"https:\/\/www.europesays.com\/es\/wp-json\/wp\/v2\/types\/post"}],"author":[{"embeddable":true,"href":"https:\/\/www.europesays.com\/es\/wp-json\/wp\/v2\/users\/2"}],"replies":[{"embeddable":true,"href":"https:\/\/www.europesays.com\/es\/wp-json\/wp\/v2\/comments?post=141043"}],"version-history":[{"count":0,"href":"https:\/\/www.europesays.com\/es\/wp-json\/wp\/v2\/posts\/141043\/revisions"}],"wp:featuredmedia":[{"embeddable":true,"href":"https:\/\/www.europesays.com\/es\/wp-json\/wp\/v2\/media\/141044"}],"wp:attachment":[{"href":"https:\/\/www.europesays.com\/es\/wp-json\/wp\/v2\/media?parent=141043"}],"wp:term":[{"taxonomy":"category","embeddable":true,"href":"https:\/\/www.europesays.com\/es\/wp-json\/wp\/v2\/categories?post=141043"},{"taxonomy":"post_tag","embeddable":true,"href":"https:\/\/www.europesays.com\/es\/wp-json\/wp\/v2\/tags?post=141043"}],"curies":[{"name":"wp","href":"https:\/\/api.w.org\/{rel}","templated":true}]}}