{"id":141047,"date":"2025-09-26T22:08:08","date_gmt":"2025-09-26T22:08:08","guid":{"rendered":"https:\/\/www.europesays.com\/es\/141047\/"},"modified":"2025-09-26T22:08:08","modified_gmt":"2025-09-26T22:08:08","slug":"moodys-y-fitch-se-unen-a-sp-y-tambien-mejoran-la-nota-a-espana","status":"publish","type":"post","link":"https:\/\/www.europesays.com\/es\/141047\/","title":{"rendered":"Moody&#8217;s y Fitch se unen a S&#038;P y tambi\u00e9n mejoran la nota a Espa\u00f1a"},"content":{"rendered":"<p>Las agencias de calificaci\u00f3n crediticias Moody&#8217;s y Fitch tambi\u00e9n han mejorado el rating soberano de Espa\u00f1a, despu\u00e9s de que hace dos semanas S&amp;P ya lo elevara a &#8216;<strong>A+<\/strong>&#8216; con perspectiva estable,<strong> tras seis a\u00f1os sin cambios. <\/strong><\/p>\n<p>En concreto, <strong>Moody&#8217;s <\/strong>ha elevado este viernes la nota a Espa\u00f1a <strong>de &#8216;Baa1&#8217; a &#8216;A3&#8217;<\/strong> con perspectiva <strong>estable <\/strong>al considerar que la<strong> \u00abfortaleza econ\u00f3mica del pa\u00eds\u00bb est\u00e1 mejorando por un crecimiento m\u00e1s \u00abequilibrado\u00bb<\/strong>, la mejor\u00eda en el mercado laboral y el fortalecimiento del sector bancario, \u00abque incrementan la resiliencia de la econom\u00eda\u00bb. En el caso de la agencia <strong>Fitch <\/strong>la nota tambi\u00e9n mejora <strong>de &#8216;A-&#8216; a &#8216;A&#8217;.<\/strong> <\/p>\n<p>Fuentes del<strong> Ministerio de Econom\u00eda<\/strong> han valorado que todas las agencias de rating ubican su calificaci\u00f3n en &#8216;A&#8217;, \u00absituaci\u00f3n que se perdi\u00f3 durante la crisis financiera y que no se hab\u00eda recuperado hasta estos momentos\u00bb. <\/p>\n<p>\u00abEsto es una muestra m\u00e1s de la confianza internacional en la econom\u00eda espa\u00f1ola\u00bb, han subrayado. El fuerte crecimiento econ\u00f3mico, el impacto de la migraci\u00f3n, la actividad inversora o la \u00abprotecci\u00f3n\u00bb ante las consecuencias por los aranceles de Estados Unidos estar\u00edan detr\u00e1s de estas mejoras de ratings, que ha permitido a Espa\u00f1a conseguir un &#8216;triplete&#8217; hist\u00f3rico&#8217;. <\/p>\n<p>Por su parte, la vicepresidenta y ministra de Hacienda, <strong>Mar\u00eda Jes\u00fas Montero<\/strong>, ha subrayado en su cuenta de X que la decisi\u00f3n de las tres agencias reconoce que \u00absomos un pa\u00eds incre\u00edble, m\u00e1s s\u00f3lido y que genera <strong>confianza internacional<\/strong>\u201d. \u00abSeguimos trabajando para crear empleo de calidad, bienestar y oportunidades para todos\u00bb, ha concluido. <\/p>\n<p>S&amp;P mejora la nota de Espa\u00f1a a &#8216;A+&#8217; por su econom\u00eda s\u00f3lida<\/p>\n<p>La mejora de la nota de Moody&#8217;s llega despu\u00e9s de que hace dos semanas S&amp;P elevara la calificaci\u00f3n de la deuda soberana espa\u00f1ola. La agencia la consider\u00f3 menos vulnerable a cambios en financiaci\u00f3n externa y a la <a href=\"https:\/\/www.rtve.es\/noticias\/20250728\/claves-acuerdo-comercial-aranceles-eeuu-union-europea-trump\/16679302.shtml\" rel=\"nofollow noopener\" target=\"_blank\">pol\u00edtica arancelaria estadounidense<\/a>. Su informe prev\u00e9 un <strong>crecimiento del PIB del 2,6% en 2025<\/strong>, impulsado por empleo, consumo e inversi\u00f3n, tres veces m\u00e1s que la media de la eurozona.<\/p>\n<p>S&amp;P tambi\u00e9n resalt\u00f3 la mejora del balance externo tras una d\u00e9cada de desapalancamiento del sector privado y atribuye el impulso econ\u00f3mico a la inmigraci\u00f3n, la inversi\u00f3n y reformas estructurales previas. Asimismo, se\u00f1al\u00f3 que la dependencia limitada del comercio con EE.UU. protege a Espa\u00f1a de posibles aranceles.<\/p>\n<p>No obstante, advirti\u00f3 sobre<strong> riesgos pol\u00edticos que podr\u00edan afectar el d\u00e9ficit y la deud<\/strong>a, mencionando la fragilidad de la coalici\u00f3n de gobierno y recientes acusaciones de corrupci\u00f3n. El d\u00e9ficit estatal en julio se situ\u00f3 en 2,35%, un 4,7% menos que en 2024.<\/p>\n<p>Crecimiento del PIB de entre el 2,6% y el 2,7% para este a\u00f1o <\/p>\n<p>Organismos econ\u00f3micos nacionales e internacionales han revisado recientemente al alza sus estimaciones de crecimiento para el Producto Interior Bruto (PIB) espa\u00f1ol, hasta tasas <strong>entre el 2,6% y el 2,7% este a\u00f1o 2025<\/strong>. Adem\u00e1s, el propio <strong>Gobierno<\/strong>, tras conocer la mejora de calificaci\u00f3n por parte de S&amp;P, tambi\u00e9n elev\u00f3 una d\u00e9cima su <strong>proyecci\u00f3n de crecimiento de PIB hasta el 2,7%<\/strong> este a\u00f1o, ya que pese al \u00abcomplejo contexto internacional\u00bb, la econom\u00eda espa\u00f1ola sigue presentando \u00absignos claros de fortaleza\u00bb tanto a medio y largo plazo. <\/p>\n<p>Para 2026, la previsi\u00f3n de crecimiento del Gobierno se mantiene en el 2,2%, mientras que para 2027 y para 2028 prev\u00e9 que la econom\u00eda espa\u00f1ola avance un 2,1% en cada uno de los dos ejercicios. <\/p>\n","protected":false},"excerpt":{"rendered":"Las agencias de calificaci\u00f3n crediticias Moody&#8217;s y Fitch tambi\u00e9n han mejorado el rating soberano de Espa\u00f1a, despu\u00e9s de&hellip;\n","protected":false},"author":2,"featured_media":141048,"comment_status":"","ping_status":"","sticky":false,"template":"","format":"standard","meta":{"footnotes":""},"categories":[8],"tags":[17,18,25,24,13,14,11,19,20,9,10,15,16,23,12,21,22],"class_list":{"0":"post-141047","1":"post","2":"type-post","3":"status-publish","4":"format-standard","5":"has-post-thumbnail","7":"category-espana","8":"tag-breaking-news","9":"tag-breakingnews","10":"tag-es","11":"tag-espana","12":"tag-featured-news","13":"tag-featurednews","14":"tag-headlines","15":"tag-latest-news","16":"tag-latestnews","17":"tag-news","18":"tag-noticias","19":"tag-noticias-destacadas","20":"tag-noticiasdestacadas","21":"tag-spain","22":"tag-titulares","23":"tag-ultimas-noticias","24":"tag-ultimasnoticias"},"share_on_mastodon":{"url":"","error":""},"_links":{"self":[{"href":"https:\/\/www.europesays.com\/es\/wp-json\/wp\/v2\/posts\/141047","targetHints":{"allow":["GET"]}}],"collection":[{"href":"https:\/\/www.europesays.com\/es\/wp-json\/wp\/v2\/posts"}],"about":[{"href":"https:\/\/www.europesays.com\/es\/wp-json\/wp\/v2\/types\/post"}],"author":[{"embeddable":true,"href":"https:\/\/www.europesays.com\/es\/wp-json\/wp\/v2\/users\/2"}],"replies":[{"embeddable":true,"href":"https:\/\/www.europesays.com\/es\/wp-json\/wp\/v2\/comments?post=141047"}],"version-history":[{"count":0,"href":"https:\/\/www.europesays.com\/es\/wp-json\/wp\/v2\/posts\/141047\/revisions"}],"wp:featuredmedia":[{"embeddable":true,"href":"https:\/\/www.europesays.com\/es\/wp-json\/wp\/v2\/media\/141048"}],"wp:attachment":[{"href":"https:\/\/www.europesays.com\/es\/wp-json\/wp\/v2\/media?parent=141047"}],"wp:term":[{"taxonomy":"category","embeddable":true,"href":"https:\/\/www.europesays.com\/es\/wp-json\/wp\/v2\/categories?post=141047"},{"taxonomy":"post_tag","embeddable":true,"href":"https:\/\/www.europesays.com\/es\/wp-json\/wp\/v2\/tags?post=141047"}],"curies":[{"name":"wp","href":"https:\/\/api.w.org\/{rel}","templated":true}]}}