{"id":141049,"date":"2025-09-26T22:09:09","date_gmt":"2025-09-26T22:09:09","guid":{"rendered":"https:\/\/www.europesays.com\/es\/141049\/"},"modified":"2025-09-26T22:09:09","modified_gmt":"2025-09-26T22:09:09","slug":"hallan-el-cadaver-de-un-joven-de-vigo-que-trabajaba-en-un-pinar-de-un-pueblo-de-valladolid","status":"publish","type":"post","link":"https:\/\/www.europesays.com\/es\/141049\/","title":{"rendered":"Hallan el cad\u00e1ver de un joven de Vigo que trabajaba en un pinar de un pueblo de Valladolid"},"content":{"rendered":"<p class=\"ft-text\">La Polic\u00eda Nacional de Valladolid ha localizado este viernes <strong>en un pinar de Montemayor de Pililla (Valladolid) <\/strong>el cuerpo sin vida de un joven de 29 a\u00f1os, <strong>Gerson F.B, de origen portugu\u00e9s angole\u00f1o<\/strong>, cuya desaparici\u00f3n hab\u00eda sido denunciada por su familia, residente en Vigo, al no poder contactar con \u00e9l desde el pasado d\u00eda 23 de septiembre.<\/p>\n<p class=\"ft-text\">El cuerpo del joven, quien se hab\u00eda trasladado desde la ciudad ol\u00edvica hasta la localidad vallisoletana de Tudela, este pasado martes, para trabajar en una empresa de construcci\u00f3n, ha sido localizado en la ma\u00f1ana de este viernes en el pinar, tras lo cual se ha activado el protocolo judicial y se ha abierto<strong> la correspondiente investigaci\u00f3n<\/strong>, a la espera de los resultados del forense para determinar las causas de la muerte. En principio no habr\u00eda indicios de criminalidad, seg\u00fan fuentes de la investigaci\u00f3n.<\/p>\n<p class=\"ft-text\">El <strong>alcalde de Montemayor, el socialista Noel Serna<\/strong>, en declaraciones a Europa Press, <strong>ha mostrado su pesar por el fatal desenlace<\/strong> de la b\u00fasqueda del joven, cuyo cad\u00e1ver ha sido hallado en un pinar en la carretera de<strong> Torresc\u00e1rcela, dentro de su municipio.<\/strong><\/p>\n<p class=\"ft-text\">\u00abEs un joven que no tiene nada que ver con el pueblo y <strong>su muerte se ha producido aqu\u00ed como pod\u00eda haber ocurrido en cualquier otro\u00bb<\/strong>, ha apuntado el regidor, quien ha a\u00f1adido que, al parecer, la voz de alarma la hab\u00eda dado <strong>la propia empresa para la que trabajaba, <\/strong>al no acudir al centro de trabajo desde el pasado martes, sin haber justificado su baja.<\/p>\n<p class=\"ft-text\">El veh\u00edculo de la empresa para la que trabajaba, dedicada a obras de instalaciones deportivas, ha sido tambi\u00e9n localizado<strong> en las inmediaciones del pinar.<\/strong><\/p>\n<p class=\"ft-text\">Seg\u00fan los datos facilitados por el organismo <a class=\"ft-link ft-link--decoration\" href=\"https:\/\/www.farodevigo.es\/tags\/sos-desaparecidos\/\" rel=\"nofollow noopener\" target=\"_blank\">SOS Desaparecidos<\/a>, aportados por la familia del joven,<strong> Gerson med\u00eda entre 1,60 y 1,70 metros de estatura, ten\u00eda una complexi\u00f3n normal,<\/strong> el pelo negro y ondulado, ojos casta\u00f1os e ir\u00eda con ropa de trabajo el d\u00eda de su desaparici\u00f3n, fechada el pasado 23 de septiembre. Tambi\u00e9n se aportaban datos de su coche, un Dacia blanco.<\/p>\n","protected":false},"excerpt":{"rendered":"La Polic\u00eda Nacional de Valladolid ha localizado este viernes en un pinar de Montemayor de Pililla (Valladolid) el&hellip;\n","protected":false},"author":2,"featured_media":141050,"comment_status":"","ping_status":"","sticky":false,"template":"","format":"standard","meta":{"footnotes":""},"categories":[5],"tags":[17,18,6247,25,24,13,14,10000,11,1294,1928,19,20,9,10,15,16,23,12,6439,2752,21,22,1607,381,1274],"class_list":{"0":"post-141049","1":"post","2":"type-post","3":"status-publish","4":"format-standard","5":"has-post-thumbnail","7":"category-titulares","8":"tag-breaking-news","9":"tag-breakingnews","10":"tag-cadaver","11":"tag-es","12":"tag-espana","13":"tag-featured-news","14":"tag-featurednews","15":"tag-hallan","16":"tag-headlines","17":"tag-investigacion","18":"tag-joven","19":"tag-latest-news","20":"tag-latestnews","21":"tag-news","22":"tag-noticias","23":"tag-noticias-destacadas","24":"tag-noticiasdestacadas","25":"tag-spain","26":"tag-titulares","27":"tag-trabajaba","28":"tag-trabajo","29":"tag-ultimas-noticias","30":"tag-ultimasnoticias","31":"tag-valladolid","32":"tag-viernes","33":"tag-vigo"},"share_on_mastodon":{"url":"","error":""},"_links":{"self":[{"href":"https:\/\/www.europesays.com\/es\/wp-json\/wp\/v2\/posts\/141049","targetHints":{"allow":["GET"]}}],"collection":[{"href":"https:\/\/www.europesays.com\/es\/wp-json\/wp\/v2\/posts"}],"about":[{"href":"https:\/\/www.europesays.com\/es\/wp-json\/wp\/v2\/types\/post"}],"author":[{"embeddable":true,"href":"https:\/\/www.europesays.com\/es\/wp-json\/wp\/v2\/users\/2"}],"replies":[{"embeddable":true,"href":"https:\/\/www.europesays.com\/es\/wp-json\/wp\/v2\/comments?post=141049"}],"version-history":[{"count":0,"href":"https:\/\/www.europesays.com\/es\/wp-json\/wp\/v2\/posts\/141049\/revisions"}],"wp:featuredmedia":[{"embeddable":true,"href":"https:\/\/www.europesays.com\/es\/wp-json\/wp\/v2\/media\/141050"}],"wp:attachment":[{"href":"https:\/\/www.europesays.com\/es\/wp-json\/wp\/v2\/media?parent=141049"}],"wp:term":[{"taxonomy":"category","embeddable":true,"href":"https:\/\/www.europesays.com\/es\/wp-json\/wp\/v2\/categories?post=141049"},{"taxonomy":"post_tag","embeddable":true,"href":"https:\/\/www.europesays.com\/es\/wp-json\/wp\/v2\/tags?post=141049"}],"curies":[{"name":"wp","href":"https:\/\/api.w.org\/{rel}","templated":true}]}}