{"id":141058,"date":"2025-09-26T22:17:08","date_gmt":"2025-09-26T22:17:08","guid":{"rendered":"https:\/\/www.europesays.com\/es\/141058\/"},"modified":"2025-09-26T22:17:08","modified_gmt":"2025-09-26T22:17:08","slug":"el-caceres-a-ganar-en-getafe-y-luego-a-esperar","status":"publish","type":"post","link":"https:\/\/www.europesays.com\/es\/141058\/","title":{"rendered":"El C\u00e1ceres, a ganar en Getafe y luego a esperar"},"content":{"rendered":"<p class=\"ft-text\"><strong>Si el C\u00e1ceres Patrimonio de la Humanidad se mete en los dieciseisavos de final de la Copa Espa\u00f1a, ser\u00e1 una clasificaci\u00f3n <\/strong><strong>en diferido<\/strong><strong>. Primero tiene que cumplir este s\u00e1bado anot\u00e1ndose la victoria en la pista del Getafe (19.30). <\/strong>Y despu\u00e9s t<a class=\"ft-link ft-link--decoration\" href=\"https:\/\/www.elperiodicoextremadura.com\/deportes\/2025\/09\/24\/clasificacion-caceres-dieciseisavos-copa-espana-121923085.html\" target=\"_blank\" rel=\"nofollow noopener\">endr\u00e1 que esperar aproximadamente 24 horas para que se completen todos los resultados de la fase de grupos y poder establecer la clasificaci\u00f3n general<\/a>, de la que se extraer\u00e1n a los quince primeros.<\/p>\n<p class=\"ft-text\">No hay uniformidad de horarios en esta competici\u00f3n, dise\u00f1ada, entre otros aspectos, para que los clubs de Segunda FEB tengan una pretemporada exigente con un marchamo oficial. En el caso del C\u00e1ceres<strong> es el \u00faltimo choque antes de arrancar la liga regular, que ser\u00e1 el siguiente s\u00e1bado en la cancha del Castillo de Gorraiz Valle de Eg\u00fc\u00e9s navarro.<\/strong><\/p>\n<p class=\"ft-text\"><a class=\"ft-link ft-link--decoration\" href=\"https:\/\/www.elperiodicoextremadura.com\/deportes\/2025\/07\/19\/hay-recortes-presupuesto-caceres-debemos-119866050.html\" target=\"_blank\" rel=\"nofollow noopener\">Jacinto Carbajal <\/a>espera que sus jugadores mejoren sus prestaciones respecto al encuentro perdido del pasado domingo frente al Toledo, en el que detect\u00f3 que falt\u00f3 energ\u00eda, aparte de acierto en el tiro exterior.<\/p>\n<p class=\"ft-text\"><strong>\u00abEl equipo va a ir creciendo, pero tambi\u00e9n tendr\u00e1 alg\u00fan pasito hacia atr\u00e1s. Lo importante cuando pasa eso es seguir hacia adelante.<\/strong> Insisto en que el d\u00eda a d\u00eda es buen\u00edsimo y por eso estamos con confianza y contentos\u00bb, se\u00f1al\u00f3 el t\u00e9cnico con aparente tranquilidad. \u00abEl trabajo que han desarrollado los jugadores en pretemporada es bueno, con mucha alegr\u00eda, dando la sensaci\u00f3n de que cada d\u00eda van creciendo\u00bb, insisti\u00f3.<\/p>\n","protected":false},"excerpt":{"rendered":"Si el C\u00e1ceres Patrimonio de la Humanidad se mete en los dieciseisavos de final de la Copa Espa\u00f1a,&hellip;\n","protected":false},"author":2,"featured_media":141059,"comment_status":"","ping_status":"","sticky":false,"template":"","format":"standard","meta":{"footnotes":""},"categories":[269],"tags":[299,298,3975,3976,168,25,24,18300,2000,13723,43907,3977,23,167],"class_list":{"0":"post-141058","1":"post","2":"type-post","3":"status-publish","4":"format-standard","5":"has-post-thumbnail","7":"category-baloncesto","8":"tag-baloncesto","9":"tag-basketball","10":"tag-caceres","11":"tag-caceres-basket","12":"tag-deportes","13":"tag-es","14":"tag-espana","15":"tag-esperar","16":"tag-ganar","17":"tag-getafe","18":"tag-luego","19":"tag-segunda-feb","20":"tag-spain","21":"tag-sports"},"share_on_mastodon":{"url":"","error":""},"_links":{"self":[{"href":"https:\/\/www.europesays.com\/es\/wp-json\/wp\/v2\/posts\/141058","targetHints":{"allow":["GET"]}}],"collection":[{"href":"https:\/\/www.europesays.com\/es\/wp-json\/wp\/v2\/posts"}],"about":[{"href":"https:\/\/www.europesays.com\/es\/wp-json\/wp\/v2\/types\/post"}],"author":[{"embeddable":true,"href":"https:\/\/www.europesays.com\/es\/wp-json\/wp\/v2\/users\/2"}],"replies":[{"embeddable":true,"href":"https:\/\/www.europesays.com\/es\/wp-json\/wp\/v2\/comments?post=141058"}],"version-history":[{"count":0,"href":"https:\/\/www.europesays.com\/es\/wp-json\/wp\/v2\/posts\/141058\/revisions"}],"wp:featuredmedia":[{"embeddable":true,"href":"https:\/\/www.europesays.com\/es\/wp-json\/wp\/v2\/media\/141059"}],"wp:attachment":[{"href":"https:\/\/www.europesays.com\/es\/wp-json\/wp\/v2\/media?parent=141058"}],"wp:term":[{"taxonomy":"category","embeddable":true,"href":"https:\/\/www.europesays.com\/es\/wp-json\/wp\/v2\/categories?post=141058"},{"taxonomy":"post_tag","embeddable":true,"href":"https:\/\/www.europesays.com\/es\/wp-json\/wp\/v2\/tags?post=141058"}],"curies":[{"name":"wp","href":"https:\/\/api.w.org\/{rel}","templated":true}]}}