{"id":141067,"date":"2025-09-26T22:27:17","date_gmt":"2025-09-26T22:27:17","guid":{"rendered":"https:\/\/www.europesays.com\/es\/141067\/"},"modified":"2025-09-26T22:27:17","modified_gmt":"2025-09-26T22:27:17","slug":"si-cuando-estaba-bien-no-lo-hicieron-por-que-ahora","status":"publish","type":"post","link":"https:\/\/www.europesays.com\/es\/141067\/","title":{"rendered":"Si cuando estaba bien no lo hicieron, \u00bfpor qu\u00e9 ahora?"},"content":{"rendered":"<p class=\"paragraph\" id=\"paragraph_1\"><a href=\"https:\/\/www.elespanol.com\/personajes\/antonia_san_juan\/?utm_cmp_rs=linksinline\" rel=\"nofollow noopener\" target=\"_blank\">Antonia San Juan <\/a>(64 a\u00f1os) ha mostrado p\u00fablicamente su enfado y rechazo a <strong>ser reconocida con un premio por estar enferma.<\/strong> La actriz, conocida por su franqueza y su trayectoria en teatro, cine y televisi\u00f3n, ha compartido una dura reflexi\u00f3n en redes sociales en la que ha explicado por qu\u00e9 no aceptar\u00e1 ese tipo de galardones.<\/p>\n<p class=\"paragraph\" id=\"paragraph_2\">San Juan relata que una revista ha contactado con ella para recibir un galard\u00f3n, cuya justificaci\u00f3n era su actual situaci\u00f3n de salud. La int\u00e9rprete ha denegado tajantemente la propuesta al considerarla <strong>un gesto cargado de morbo y carente de sentido.<\/strong><\/p>\n<p class=\"paragraph\" id=\"paragraph_3\">\u201c<strong>Imag\u00ednense premiar a alguien por tener un c\u00e1ncer.<\/strong> No voy a recibir ning\u00fan premio por eso, no voy a entrar en ese juego ni en ese morbo\u201d, ha dicho en un post de Instagram.<\/p>\n<p class=\"paragraph\" id=\"paragraph_4\">La actriz ha subrayado que, <strong>cuando se encontraba sana y activa, nunca fue invitada a eventos ni reconocida con premios por su trayectoria.<\/strong> En cambio, ahora que atraviesa un problema de salud, s\u00ed recibe atenciones, algo que considera incoherente. \u201cSi cuando estaba bien no me reconocieron, \u00bfpor qu\u00e9 ahora? Yo soy actriz, y <strong>cuando est\u00e9 recuperada quien quiera contar conmigo para trabajar ah\u00ed estar\u00e9, pero no me van a premiar por estar enferma\u201d.<\/strong><\/p>\n<p class=\"paragraph\" id=\"paragraph_5\">San Juan tambi\u00e9n ha puesto en valor el cari\u00f1o que recibe del p\u00fablico de su tierra, Canarias, donde s\u00ed la han distinguido. Ha recordado que en su comunidad aut\u00f3noma fue homenajeada en un acto que se hab\u00eda pospuesto debido a un fallecimiento en la organizaci\u00f3n y que finalmente se celebr\u00f3 en septiembre.<strong> \u201cEse es el premio que acepto porque me lo dieron por mi trayectoria, no por mi enfermedad\u201d.<\/strong><\/p>\n<p><img loading=\"lazy\" decoding=\"async\" alt=\"Antonia San Juan.\" height=\"180\" src=\"https:\/\/www.europesays.com\/es\/wp-content\/uploads\/2025\/09\/738936116_230645577_320x180.jpg\" width=\"320\" data-lazy-status=\"processed\" data-lazy-info=\"remove loading item 1\"\/><\/p>\n<p class=\"paragraph\" id=\"paragraph_6\">La actriz ha asegurado que ahora <strong>su prioridad es centrarse en su recuperaci\u00f3n<\/strong>, en mantener h\u00e1bitos saludables, seguir creando y estar cerca de sus seguidores. Enfatiz\u00f3 que su vida no girar\u00e1 en torno a la enfermedad: \u201cTengo que girar mi vida en ponerme buena, en comer bien, ir al gimnasio, seguir escribiendo y dirigiendo, y recibir el cari\u00f1o de mi p\u00fablico\u201d.<\/p>\n<p class=\"paragraph\" id=\"paragraph_7\">Con este testimonio, <strong>Antonia San Juan reivindica la importancia de no reducir a una persona a su enfermedad<\/strong> y reclama el reconocimiento por la carrera y el trabajo, no por el sufrimiento.<\/p>\n<p class=\"paragraph\" id=\"paragraph_8\">Fue a principios del mes de septiembre cuando la int\u00e9rprete anunci\u00f3, tambi\u00e9n v\u00eda redes sociales, que ten\u00eda c\u00e1ncer de garganta: \u00abHago este v\u00eddeo porque llevo m\u00e1s de un a\u00f1o con problemas de garganta. <strong>Siempre he tenido faringitis cr\u00f3nica<\/strong>, este a\u00f1o he suspendido funciones por esa causa, hasta que <strong>el otro d\u00eda fui al m\u00e9dico de familia y me dijo que ve\u00eda un problema en las cuerdas vocales<\/strong>\u00ab.<\/p>\n<p><img decoding=\"async\" alt=\"DL_u549046_593\" height=\"180\" loading=\"lazy\" width=\"320\" data-lazy-status=\"processed\" id=\"81ace6a049\" src=\"https:\/\/www.elespanol.com\/corazon\/famosos\/20250926\/antonia-san-juan-denuncia-morbo-premiarla-cancer-bien-no-hicieron-ahora\/[\" https:=\"\" data-lazy-info=\"changed src\"\/><\/p>\n<p class=\"paragraph\" data-mrf-recirculation=\"links-parrafos\" id=\"paragraph_9\">\u00abMe mand\u00f3 al otorrino, me ha hecho pruebas, un TAC, me han hecho de todo. <strong>Me hicieron una biopsia y ya me han dado el medio diagn\u00f3stico: tengo c\u00e1ncer<\/strong>\u00ab.<\/p>\n<p class=\"paragraph\" data-mrf-recirculation=\"links-parrafos\" id=\"paragraph_10\">San Juan ya ha comenzado su<strong> tratamiento de quimioterapia<\/strong>, que se extender\u00e1 hasta el pr\u00f3ximo mes de marzo, con ciclos cada tres semanas.<\/p>\n<p class=\"paragraph\" data-mrf-recirculation=\"links-parrafos\" id=\"paragraph_11\">Sigo optimista, como el primer d\u00eda. No quiere vivir la enfermedad de una manera tr\u00e1gica y ha aseverado que <strong>conf\u00eda plenamente en la ciencia<\/strong> para su total recuperaci\u00f3n.<\/p>\n","protected":false},"excerpt":{"rendered":"Antonia San Juan (64 a\u00f1os) ha mostrado p\u00fablicamente su enfado y rechazo a ser reconocida con un premio&hellip;\n","protected":false},"author":2,"featured_media":141068,"comment_status":"","ping_status":"","sticky":false,"template":"","format":"standard","meta":{"footnotes":""},"categories":[91],"tags":[33561,1066,146,147,25,24,256,4536,23],"class_list":{"0":"post-141067","1":"post","2":"type-post","3":"status-publish","4":"format-standard","5":"has-post-thumbnail","7":"category-entretenimiento","8":"tag-antonia-san-juan","9":"tag-cancer","10":"tag-entertainment","11":"tag-entretenimiento","12":"tag-es","13":"tag-espana","14":"tag-famosos","15":"tag-instagram","16":"tag-spain"},"share_on_mastodon":{"url":"","error":""},"_links":{"self":[{"href":"https:\/\/www.europesays.com\/es\/wp-json\/wp\/v2\/posts\/141067","targetHints":{"allow":["GET"]}}],"collection":[{"href":"https:\/\/www.europesays.com\/es\/wp-json\/wp\/v2\/posts"}],"about":[{"href":"https:\/\/www.europesays.com\/es\/wp-json\/wp\/v2\/types\/post"}],"author":[{"embeddable":true,"href":"https:\/\/www.europesays.com\/es\/wp-json\/wp\/v2\/users\/2"}],"replies":[{"embeddable":true,"href":"https:\/\/www.europesays.com\/es\/wp-json\/wp\/v2\/comments?post=141067"}],"version-history":[{"count":0,"href":"https:\/\/www.europesays.com\/es\/wp-json\/wp\/v2\/posts\/141067\/revisions"}],"wp:featuredmedia":[{"embeddable":true,"href":"https:\/\/www.europesays.com\/es\/wp-json\/wp\/v2\/media\/141068"}],"wp:attachment":[{"href":"https:\/\/www.europesays.com\/es\/wp-json\/wp\/v2\/media?parent=141067"}],"wp:term":[{"taxonomy":"category","embeddable":true,"href":"https:\/\/www.europesays.com\/es\/wp-json\/wp\/v2\/categories?post=141067"},{"taxonomy":"post_tag","embeddable":true,"href":"https:\/\/www.europesays.com\/es\/wp-json\/wp\/v2\/tags?post=141067"}],"curies":[{"name":"wp","href":"https:\/\/api.w.org\/{rel}","templated":true}]}}