{"id":141075,"date":"2025-09-26T22:32:10","date_gmt":"2025-09-26T22:32:10","guid":{"rendered":"https:\/\/www.europesays.com\/es\/141075\/"},"modified":"2025-09-26T22:32:10","modified_gmt":"2025-09-26T22:32:10","slug":"hallado-el-cadaver-de-un-joven-de-29-anos-en-un-pinar-de-montemayor-de-pililla-valladolid","status":"publish","type":"post","link":"https:\/\/www.europesays.com\/es\/141075\/","title":{"rendered":"Hallado el cad\u00e1ver de un joven de 29 a\u00f1os en un pinar de Montemayor de Pililla (Valladolid)"},"content":{"rendered":"<p>Su desaparici\u00f3n la hab\u00eda denunciado su familia, residente en Vigo, tras no poder contactar con \u00e9l desde el pasado d\u00eda 23 de septiembre<\/p>\n<p>El fallecido se hab\u00eda desplazado a Valladolid por motivos de trabajo<\/p>\n<p>MONTEMAYOR DE PILILLA (VALLADOLID), 26 (EUROPA PRESS)<\/p>\n<p>La Polic\u00eda Nacional de Valladolid ha localizado este viernes en un pinar de Montemayor de Pililla (Valladolid) el cuerpo sin vida de un joven de 29 a\u00f1os, G.F.B, de origen portugu\u00e9s angole\u00f1o, cuya desaparici\u00f3n hab\u00eda sido denunciada por su familia, residente en Vigo, al no poder contactar con \u00e9l desde el pasado d\u00eda 23 de septiembre.<\/p>\n<p>\u00a0 \u00a0 El cad\u00e1ver del joven, quien se hab\u00eda trasladado hasta Valladolid por motivos de trabajo, ha sido localizado esta ma\u00f1ana en el pinar, tras lo cual se ha activado el protocolo judicial y se ha abierto la correspondiente investigaci\u00f3n, a la espera de los resultados del forense para determinar las causas de la muerte.<\/p>\n<p>\u00a0 \u00a0En principio no hay indicios de criminalidad, seg\u00fan informaron a Europa Press fuentes de la investigaci\u00f3n.<\/p>\n<p>\u00a0 \u00a0El alcalde de Montemayor, el socialista Noel Serna, en declaraciones a Europa Press, ha mostrado su pesar por el fatal desenlace de la b\u00fasqueda del joven, cuyo cad\u00e1ver ha sido hallado en un pinar en la carretera de Torresc\u00e1rcela, dentro de su municipio.<\/p>\n<p>\u00a0 \u00a0\u00abEs un joven que no tiene nada que ver con el pueblo y su muerte se ha producido aqu\u00ed como pod\u00eda haber ocurrido en cualquier otro\u00bb, ha apuntado el regidor, quien ha a\u00f1adido que, al parecer, la voz de alarma la hab\u00eda dado la propia empresa para la que trabajaba al no acudir al centro de trabajo desde el pasado martes, sin haber justificado su baja.<\/p>\n<p>\u00a0 \u00a0El veh\u00edculo de la empresa ha sido tambi\u00e9n localizado en las inmediaciones del pinar.<\/p>\n","protected":false},"excerpt":{"rendered":"Su desaparici\u00f3n la hab\u00eda denunciado su familia, residente en Vigo, tras no poder contactar con \u00e9l desde el&hellip;\n","protected":false},"author":2,"featured_media":141076,"comment_status":"","ping_status":"","sticky":false,"template":"","format":"standard","meta":{"footnotes":""},"categories":[5],"tags":[17,18,25,24,13,14,11,19,20,9,10,15,16,23,12,21,22],"class_list":{"0":"post-141075","1":"post","2":"type-post","3":"status-publish","4":"format-standard","5":"has-post-thumbnail","7":"category-titulares","8":"tag-breaking-news","9":"tag-breakingnews","10":"tag-es","11":"tag-espana","12":"tag-featured-news","13":"tag-featurednews","14":"tag-headlines","15":"tag-latest-news","16":"tag-latestnews","17":"tag-news","18":"tag-noticias","19":"tag-noticias-destacadas","20":"tag-noticiasdestacadas","21":"tag-spain","22":"tag-titulares","23":"tag-ultimas-noticias","24":"tag-ultimasnoticias"},"share_on_mastodon":{"url":"","error":""},"_links":{"self":[{"href":"https:\/\/www.europesays.com\/es\/wp-json\/wp\/v2\/posts\/141075","targetHints":{"allow":["GET"]}}],"collection":[{"href":"https:\/\/www.europesays.com\/es\/wp-json\/wp\/v2\/posts"}],"about":[{"href":"https:\/\/www.europesays.com\/es\/wp-json\/wp\/v2\/types\/post"}],"author":[{"embeddable":true,"href":"https:\/\/www.europesays.com\/es\/wp-json\/wp\/v2\/users\/2"}],"replies":[{"embeddable":true,"href":"https:\/\/www.europesays.com\/es\/wp-json\/wp\/v2\/comments?post=141075"}],"version-history":[{"count":0,"href":"https:\/\/www.europesays.com\/es\/wp-json\/wp\/v2\/posts\/141075\/revisions"}],"wp:featuredmedia":[{"embeddable":true,"href":"https:\/\/www.europesays.com\/es\/wp-json\/wp\/v2\/media\/141076"}],"wp:attachment":[{"href":"https:\/\/www.europesays.com\/es\/wp-json\/wp\/v2\/media?parent=141075"}],"wp:term":[{"taxonomy":"category","embeddable":true,"href":"https:\/\/www.europesays.com\/es\/wp-json\/wp\/v2\/categories?post=141075"},{"taxonomy":"post_tag","embeddable":true,"href":"https:\/\/www.europesays.com\/es\/wp-json\/wp\/v2\/tags?post=141075"}],"curies":[{"name":"wp","href":"https:\/\/api.w.org\/{rel}","templated":true}]}}