{"id":141087,"date":"2025-09-26T22:41:07","date_gmt":"2025-09-26T22:41:07","guid":{"rendered":"https:\/\/www.europesays.com\/es\/141087\/"},"modified":"2025-09-26T22:41:07","modified_gmt":"2025-09-26T22:41:07","slug":"la-defensa-albiazul-un-foco-continuo-de-inquietud","status":"publish","type":"post","link":"https:\/\/www.europesays.com\/es\/141087\/","title":{"rendered":"La defensa albiazul, un foco continuo de inquietud"},"content":{"rendered":"<p>El Deportivo Alav\u00e9s apela a la \u00abprudencia\u00bb y la \u00abcautela\u00bb en el caso de Facundo Garc\u00e9s. Despu\u00e9s de conocer que <a href=\"https:\/\/www.elcorreo.com\/alaves\/fifa-sanciona-facundo-garces-ano-jugarpor-manipular-20250926182555-nt.html\" data-voc-vtm-id=\"in-text-traffic\" title=\"la FIFA sancion\u00f3 este viernes al jugador durante un a\u00f1o por usar \u00abdocumentaci\u00f3n manipulada\u00bb para jugar con Malasia\" data-mrf-link=\"www.elcorreo.com\" rel=\"nofollow noopener\" target=\"_blank\">la FIFA sancion\u00f3 este viernes al jugador durante un a\u00f1o por usar \u00abdocumentaci\u00f3n manipulada\u00bb para jugar con Malasia<\/a> &#8230; , fuentes de la entidad albiazul apuntaron a este peri\u00f3dico que han comenzado a \u00abanalizar todos los datos\u00bb \u2013al ser un caso ajeno al club\u2013 para esclarecer lo ocurrido antes de adoptar alguna postura firme. El Alav\u00e9s remarca que \u00abconf\u00eda en la presunci\u00f3n de inocencia\u00bb. Mientras, apuntaba avanzada la tarde de ayer que no hab\u00eda recibido ninguna notificaci\u00f3n \u2013de la FIFA o LALiga\u2013 que impida al jugador disputar el partido de hoy ante el Mallorca. De hecho, el central argentino ha entrado en la convocatoria. La noticia se produjo durante el vuelo del equipo y el jugador fue conocedor de ella al tomar tierra. <\/p>\n<p class=\"v-p\">Pero lo cierto es que, de aplicarse con efecto inmediato, la sanci\u00f3n abre una colosal grieta en la defensa albiazul. O m\u00e1s bien, reabre. Porque la retaguardia del conjunto vitoriano ha sufrido en los \u00faltimos tiempos varios reveses. La inhabilitaci\u00f3n del futbolista argentino es el \u00faltimo cap\u00edtulo de una parcela abonada a reconstruirse por lesiones o salidas de jugadores. <\/p>\n<p class=\"v-p\">En el tramo final de la temporada pasada, la rotura muscular que sufri\u00f3 Abqar en el isquiotibial de su pierna derecha oblig\u00f3 a Coudet a confiar en Garc\u00e9s para el tramo decisivo. No era una decisi\u00f3n balad\u00ed. Los albiazules luchaban por sellar la permanencia. Y Garc\u00e9s s\u00f3lo acumulaba 46 minutos. La inactividad \u2013Col\u00f3n dificult\u00f3 su llegada a Vitoria\u2013 y adaptaci\u00f3n a la Liga lastraron su entrada al equipo. Sin embargo, el plan funcion\u00f3. El central argentino form\u00f3 junto a Santiago Mouri\u00f1o una s\u00f3lida sociedad: s\u00f3lo cuatro goles en nueve partidos. <\/p>\n<p class=\"v-p\">La fiesta en Mendizorroza para celebrar la salvaci\u00f3n con la afici\u00f3n fue, de paso, la despedida de Abqar, adem\u00e1s de la de Sedlar y Pica, cedido en el Mirand\u00e9s. Las negociaciones por la renovaci\u00f3n del central marroqu\u00ed no llegaron a buen puerto y sus caminos se separaron despu\u00e9s de cuatro a\u00f1os. El nivel mostrado por Mouri\u00f1o y Garc\u00e9s amortiguaba la marcha de Abqar y garantizaba una defensa de altura. \u00abNos complementamos muy bien y tenemos mucha confianza el uno con el otro\u00bb, se\u00f1al\u00f3 Garc\u00e9s. <\/p>\n<p class=\"v-p\">La plantilla albiazul retom\u00f3 la actividad el 3 de julio sin todas las piezas. El equipo estaba inmerso en una regeneraci\u00f3n que culmin\u00f3 con la llegada de diez refuerzos. La continuidad de ambos centrales era un seguro de garant\u00edas. El escenario cambio en mitad del &#8216;stage&#8217; de Girona. El Atl\u00e9tico de Madrid ejerci\u00f3 la opci\u00f3n de compra sobre Mouri\u00f1o para traspasarlo al Villarreal, pese a que anteriormente hab\u00eda descartado repescarlo. \u00abNos doli\u00f3 mucho. Era un pilar importante\u00bb, coment\u00f3 Sergio Fern\u00e1ndez.<\/p>\n<p class=\"v-p\">Hay que fijarse en los tiempo para medir su impacto. El equipo estaba a dos semanas de iniciar la competici\u00f3n. Coudet llevaba un mes trabajando en preparar ese &#8216;nuevo Alav\u00e9s&#8217; definido por la \u00abintensidad\u00bb y el \u00abprotagonismo\u00bb. En los siguientes amistosos opt\u00f3 por Parada como pareja de Garc\u00e9s. Cuando comenz\u00f3 la Liga Tenaglia actu\u00f3 junto al &#8216;2&#8217;. Unas alternativas que dieron la talla, aunque estaban alejados de su posici\u00f3n natural. \u00abTiene que venir alguien, pero tenemos jugadores que pueden cumplir con la funci\u00f3n\u00bb, explic\u00f3 Coudet.<\/p>\n<p class=\"v-p\">Ninguno de esos casos anteriores alcanza la magnitud de la baja de Garc\u00e9s. El central argentino se hab\u00eda convertido en el l\u00edder de la zaga. El hombre de confianza de Coudet que hab\u00eda disputado todos los minutos hasta la fecha. Tan relevante es su figura que se defini\u00f3 como \u00abcapit\u00e1n sin brazalete\u00bb. Ahora Coudet volver\u00e1 a tener que reconstruir la zaga con s\u00f3lo un central puro, Pacheco. <\/p>\n","protected":false},"excerpt":{"rendered":"El Deportivo Alav\u00e9s apela a la \u00abprudencia\u00bb y la \u00abcautela\u00bb en el caso de Facundo Garc\u00e9s. Despu\u00e9s de&hellip;\n","protected":false},"author":2,"featured_media":141088,"comment_status":"","ping_status":"","sticky":false,"template":"","format":"standard","meta":{"footnotes":""},"categories":[268],"tags":[1616,168,25,24,280,282,43915,281,23,167],"class_list":{"0":"post-141087","1":"post","2":"type-post","3":"status-publish","4":"format-standard","5":"has-post-thumbnail","7":"category-futbol","8":"tag-defensa","9":"tag-deportes","10":"tag-es","11":"tag-espana","12":"tag-football","13":"tag-futbol","14":"tag-garces","15":"tag-soccer","16":"tag-spain","17":"tag-sports"},"share_on_mastodon":{"url":"","error":""},"_links":{"self":[{"href":"https:\/\/www.europesays.com\/es\/wp-json\/wp\/v2\/posts\/141087","targetHints":{"allow":["GET"]}}],"collection":[{"href":"https:\/\/www.europesays.com\/es\/wp-json\/wp\/v2\/posts"}],"about":[{"href":"https:\/\/www.europesays.com\/es\/wp-json\/wp\/v2\/types\/post"}],"author":[{"embeddable":true,"href":"https:\/\/www.europesays.com\/es\/wp-json\/wp\/v2\/users\/2"}],"replies":[{"embeddable":true,"href":"https:\/\/www.europesays.com\/es\/wp-json\/wp\/v2\/comments?post=141087"}],"version-history":[{"count":0,"href":"https:\/\/www.europesays.com\/es\/wp-json\/wp\/v2\/posts\/141087\/revisions"}],"wp:featuredmedia":[{"embeddable":true,"href":"https:\/\/www.europesays.com\/es\/wp-json\/wp\/v2\/media\/141088"}],"wp:attachment":[{"href":"https:\/\/www.europesays.com\/es\/wp-json\/wp\/v2\/media?parent=141087"}],"wp:term":[{"taxonomy":"category","embeddable":true,"href":"https:\/\/www.europesays.com\/es\/wp-json\/wp\/v2\/categories?post=141087"},{"taxonomy":"post_tag","embeddable":true,"href":"https:\/\/www.europesays.com\/es\/wp-json\/wp\/v2\/tags?post=141087"}],"curies":[{"name":"wp","href":"https:\/\/api.w.org\/{rel}","templated":true}]}}