{"id":141093,"date":"2025-09-26T22:47:09","date_gmt":"2025-09-26T22:47:09","guid":{"rendered":"https:\/\/www.europesays.com\/es\/141093\/"},"modified":"2025-09-26T22:47:09","modified_gmt":"2025-09-26T22:47:09","slug":"ya-no-quedan-junglas-en-san-sebastian-hay-pinchos-y-tortas","status":"publish","type":"post","link":"https:\/\/www.europesays.com\/es\/141093\/","title":{"rendered":"&#8216;Ya no quedan junglas&#8217;: En San Sebasti\u00e1n hay pinchos (y tortas)"},"content":{"rendered":"<p>En &#8216;<a href=\"https:\/\/www.ecartelera.com\/peliculas\/ya-no-quedan-junglas\/\" rel=\"nofollow noopener\" target=\"_blank\">Ya no quedan junglas<\/a>&#8216; el cruel asesinato de una prostituta <b>desata la venganza de Theo<\/b>, un \u00abgringo\u00bb que pasa su vejez en las calles de San Sebasti\u00e1n intentando encontrar un resquicio de felicidad aunque para \u00e9l quiz\u00e1s ya es tarde y solo le quede morir, <b>no sin antes llevarse por delante a todos los causantes de la muerte de su amiga<\/b>.<\/p>\n<p>Tr\u00e1iler &#8216;Ya no quedan junglas&#8217;<\/p>\n<p><video id=\"vid-35672\" class=\"video-js vjs-default-skin\" data-title=\"Tr\u00e1iler 'Ya no quedan junglas'\" poster=\"https:\/\/www.ecartelera.com\/images\/videos\/35600\/f35672.jpg\" controls=\"\" preload=\"auto\" width=\"640\" height=\"360\" playsinline=\"\" data-vtt=\"\/\/v1.ecartelera.com\/video\/35600\/35672_sprite.vtt\" data-stream=\"1\">El navegador no soporta el tag de v\u00eddeo.<\/video><\/p>\n<p>X<\/p>\n<p><b>La producci\u00f3n en s\u00ed ya es ciertamente extra\u00f1a<\/b>, un director mexicano (<a href=\"https:\/\/www.ecartelera.com\/personas\/gabriel-beristain\/\" rel=\"nofollow noopener\" target=\"_blank\">Gabriel Beristain<\/a>) adaptando una novela negra espa\u00f1ola de Carlos Augusto Casas, con <a href=\"https:\/\/www.ecartelera.com\/personas\/ron-perlman\/\" rel=\"nofollow noopener\" target=\"_blank\">Ron Perlman<\/a> paseando las calles de San Sebasti\u00e1n. El resto del elenco lo conforman caras familiares de la cinematograf\u00eda espa\u00f1ola, en un thriller de corpus estadounidense, <b>esa b\u00fasqueda de la justicia ojo por ojo que se hace alejado de las leyes<\/b>, en forma de sangrienta venganza.<\/p>\n<p>Lo mejor de la pel\u00edcula es sin duda <b>la propia consecuci\u00f3n de asesinatos<\/b> que estructuran tambi\u00e9n la narraci\u00f3n. Es por ello que los rostros responsables de los asesinatos -todos ellos de clase alta-, sufrir\u00e1n uno por uno, con sus lacayos de por medio, <b>las violentas consecuencias<\/b>, esas mismas que por su posici\u00f3n no recibir\u00edan con el peso de la ley o as\u00ed lo sugiere el filme (y es bastante cierto) de haber cometido esos actos.<\/p>\n<p>\t\t\t\t\t\t\t<img decoding=\"async\" loading=\"lazy\" src=\"https:\/\/www.europesays.com\/es\/wp-content\/uploads\/2025\/09\/242563_ya-no-quedan-junglas.jpg\" alt=\"Natti Natasha en 'Ya no quedan junglas'\" width=\"1200\" height=\"800\"\/>\t<\/p>\n<p>\t\t\t\t\t\tNatti Natasha en &#8216;Ya no quedan junglas&#8217; (Universal Pictures)<\/p>\n<p>Aunque sigue <b>la tendencia del cine de acci\u00f3n violento<\/b> actual de sangre digital, que siempre le quita un poco de gracia a los grumos y texturas de los efectos pr\u00e1cticos, la cinta encuentra su camino en las escabrosas muertes, con sangre a mansalva sacudiendo los cuerpos abatidos de aquellos a quienes Theo ha jurado venganza. Esas secuencias: <b>directas, sucias y con cierta imaginaci\u00f3n<\/b>, consiguen salvar la pel\u00edcula del abismo de situaciones y personajes decorativos al que se asiste sin pena ni gloria.<\/p>\n<p>Un contexto de clases sociales<\/p>\n<p>Si bien existe <b>un contexto de clases sociales<\/b>: esos tres abogados que vender\u00edan a su madre por un pellizco de la tarta, as\u00ed como aquellos a que defienden y quienes pagan las consecuencias (Oh sorpresa, la gente de a pi\u00e9), la realidad del filme no puede estar m\u00e1s alejada de dicho contexto y solo es <b>una excusa para enredar la trama<\/b> en tantos personajes como acciones pobres tanto en desarrollo como en ejecuci\u00f3n.<\/p>\n<p><b>Un ejemplo de ello son los polic\u00edas<\/b>, que son interpretados por dos grand\u00edsimos int\u00e9rpretes: <a href=\"https:\/\/www.ecartelera.com\/personas\/megan-montaner\/\" rel=\"nofollow noopener\" target=\"_blank\">Megan Montaner<\/a> y <a href=\"https:\/\/www.ecartelera.com\/personas\/hovik-keuchkerian\/\" rel=\"nofollow noopener\" target=\"_blank\">Hovik Keuchkerian<\/a>, que por el propio desarrollo se quedan muy exagerados, caricaturescos y alejados de lo cre\u00edble, <b>al igual que el sicario y la trama<\/b> con su mujer, totalmente irrelevantes en las acciones venideras. Todo muy \u00abtelenovelescos\u00bb como para aportar algo a los personajes y su construcci\u00f3n dram\u00e1tica.<\/p>\n<p>\t\t\t\t\t\t\t<img decoding=\"async\" loading=\"lazy\" src=\"https:\/\/www.europesays.com\/es\/wp-content\/uploads\/2025\/09\/242559_ya-no-quedan-junglas.jpg\" alt=\"Ron Perlman en 'Ya no quedan junglas'\" width=\"1200\" height=\"800\"\/>\t<\/p>\n<p>\t\t\t\t\t\tRon Perlman en &#8216;Ya no quedan junglas&#8217; (Universal Pictures)<br \/>\n\t\t\t\t\t\tBuddy Movie<\/p>\n<p><a href=\"https:\/\/www.ecartelera.com\/personas\/karra-elejalde\/\" rel=\"nofollow noopener\" target=\"_blank\">Karra Elejalde<\/a> le otorga ese punto extra <b>en la relaci\u00f3n de su personaje con el de Ron Perlman<\/b>, dos hombres mayores, solos y que encuentran en su camarader\u00eda una respuesta muy fugaz a c\u00f3mo sentirse menos abandonados. <b>Es en esa qu\u00edmica entre ambos actores<\/b>, con un Ron Perlman que siempre cumple con su rostro impenetrable y un gran uso de su cuerpo, siempre muy cargado de peso emocional, donde la pel\u00edcula se hace cre\u00edble a ojos de la trama de venganza y redenci\u00f3n.<\/p>\n<p>Si bien es una pena que San Sebasti\u00e1n <b>no tenga un papel m\u00e1s relevante en la pel\u00edcula<\/b>, esas calles estrechas que conducen a la playa y el paraje arquitect\u00f3nico de la propia ciudad no tienen mucha relevancia, la cinta nos ofrece la suficiente acci\u00f3n violenta como para pasar un buen rato siguiendo un satisfactorio reguero de sangre con una demasiado breve <b>\u00abmini-buddy movie\u00bb entre Karra Elejalde y Ron Perlman<\/b>.<\/p>\n<p>Estreno el 26 de septiembre en cines.<\/p>\n<p>4<\/p>\n<p><b>Lo mejor:<\/b> La relaci\u00f3n entre Karra Elejalde y Ron Perlman. <\/p>\n<p><b>Lo peor:<\/b> Muchas tramas y personajes demasiado exagerados. <\/p>\n","protected":false},"excerpt":{"rendered":"En &#8216;Ya no quedan junglas&#8216; el cruel asesinato de una prostituta desata la venganza de Theo, un \u00abgringo\u00bb&hellip;\n","protected":false},"author":2,"featured_media":141094,"comment_status":"","ping_status":"","sticky":false,"template":"","format":"standard","meta":{"footnotes":""},"categories":[169],"tags":[1014,1015,1013,177,1011,146,147,25,24,782,176,1019,1016,175,753,1012,23,1017,1018],"class_list":{"0":"post-141093","1":"post","2":"type-post","3":"status-publish","4":"format-standard","5":"has-post-thumbnail","7":"category-cine","8":"tag-actores","9":"tag-actrices","10":"tag-cartelera","11":"tag-cine","12":"tag-ecartelera","13":"tag-entertainment","14":"tag-entretenimiento","15":"tag-es","16":"tag-espana","17":"tag-estrellas","18":"tag-film","19":"tag-fotogramas","20":"tag-fotos","21":"tag-movies","22":"tag-peliculas","23":"tag-pelis","24":"tag-spain","25":"tag-trailers","26":"tag-videos"},"share_on_mastodon":{"url":"","error":""},"_links":{"self":[{"href":"https:\/\/www.europesays.com\/es\/wp-json\/wp\/v2\/posts\/141093","targetHints":{"allow":["GET"]}}],"collection":[{"href":"https:\/\/www.europesays.com\/es\/wp-json\/wp\/v2\/posts"}],"about":[{"href":"https:\/\/www.europesays.com\/es\/wp-json\/wp\/v2\/types\/post"}],"author":[{"embeddable":true,"href":"https:\/\/www.europesays.com\/es\/wp-json\/wp\/v2\/users\/2"}],"replies":[{"embeddable":true,"href":"https:\/\/www.europesays.com\/es\/wp-json\/wp\/v2\/comments?post=141093"}],"version-history":[{"count":0,"href":"https:\/\/www.europesays.com\/es\/wp-json\/wp\/v2\/posts\/141093\/revisions"}],"wp:featuredmedia":[{"embeddable":true,"href":"https:\/\/www.europesays.com\/es\/wp-json\/wp\/v2\/media\/141094"}],"wp:attachment":[{"href":"https:\/\/www.europesays.com\/es\/wp-json\/wp\/v2\/media?parent=141093"}],"wp:term":[{"taxonomy":"category","embeddable":true,"href":"https:\/\/www.europesays.com\/es\/wp-json\/wp\/v2\/categories?post=141093"},{"taxonomy":"post_tag","embeddable":true,"href":"https:\/\/www.europesays.com\/es\/wp-json\/wp\/v2\/tags?post=141093"}],"curies":[{"name":"wp","href":"https:\/\/api.w.org\/{rel}","templated":true}]}}