{"id":141103,"date":"2025-09-26T22:53:07","date_gmt":"2025-09-26T22:53:07","guid":{"rendered":"https:\/\/www.europesays.com\/es\/141103\/"},"modified":"2025-09-26T22:53:07","modified_gmt":"2025-09-26T22:53:07","slug":"espana-y-otros-11-paises-financiaran-a-la-autoridad-palestina","status":"publish","type":"post","link":"https:\/\/www.europesays.com\/es\/141103\/","title":{"rendered":"Espa\u00f1a y otros 11 pa\u00edses financiar\u00e1n a la Autoridad Palestina"},"content":{"rendered":"<p>Espa\u00f1a y otros 11 pa\u00edses han acordado este viernes la Coalici\u00f3n de Emergencia para la Sostenibilidad Financiera de la Autoridad Palestina <strong>para preservar la capacidad de gobernar de dicha organizaci\u00f3n en favor de la paz, estabilidad y seguridad regional <\/strong>y para avanzar en la soluci\u00f3n de dos Estados.<\/p>\n<p>En un comunicado, el ministerio de Asuntos Exteriores explica que la iniciativa ha sido adoptada por <strong>Espa\u00f1a, B\u00e9lgica, Dinamarca, Francia, Islandia, Irlanda, Jap\u00f3n, Noruega, Arabia Saudita, Eslovenia, Suiza y el Reino Unido<\/strong> y resalta que la coalici\u00f3n se crea como \u00abrespuesta a la urgente y sin precedentes crisis financiera que enfrenta la Autoridad Palestina (AP)\u00bb.<\/p>\n<p>Se trata as\u00ed de \u00abestabilizar\u00bb las finanzas de la AP y de \u00abpreservar su capacidad de gobernar, <strong>prestar servicios esenciales y mantener la seguridad\u00bb, requisitos \u00abtodos ellos indispensables\u00bb<\/strong> -subraya Exteriores sobre el acuerdo- para la estabilidad regional y la soluci\u00f3n de dos Estados.<\/p>\n<p>Los socios de la coalici\u00f3n invitan a todos los estados y organizaciones internacionales a unirse para \u00abfortalecer\u00bb la base financiera de la Autoridad Palestina, <strong>ya que es \u00abuna inversi\u00f3n en la paz, la estabilidad y la seguridad para los palestinos, los israel\u00edes y la regi\u00f3n en su conjunto\u00bb<\/strong>, reiteran.<\/p>\n<p>En la nota, Espa\u00f1a se\u00f1ala que tras su puesta en marcha los pa\u00edses impulsores<strong> han hecho \u00abimportantes contribuciones financieras\u00bb<\/strong> y han prometido \u00abun apoyo sostenido\u00bb.<\/p>\n<p>\u00abNuestro compromiso colectivo demuestra el amplio consenso internacional <strong>sobre la necesidad de prevenir el colapso de la Autoridad Palestina y defender los cimientos de la paz<\/strong>\u00bb, se\u00f1ala Exteriores sobre este acuerdo rubricado por 12 pa\u00edses.<\/p>\n<p>Los socios de la coalici\u00f3n sostienen que la ayuda a corto plazo para la AP \u00abno es suficiente\u00bb, <strong>por lo que se promover\u00e1 \u00abun enfoque sostenible, predecible y coordinado\u00bb<\/strong> con el trabajo de instituciones financieras internacionales y \u00absocios clave\u00bb para movilizar recursos, apoyar la gobernanza y las reformas econ\u00f3micas en curso. Tambi\u00e9n se garantizar\u00e1 \u00abla plena transparencia y rendici\u00f3n de cuentas\u00bb, han acordado.<\/p>\n<p>En el acuerdo los ministros de Exteriores de los 12 pa\u00edses exigen que Israel \u00ablibere de inmediato todos los ingresos palestinos\u00bb y que \u00abcese cualquier medida que obstruya o debilite a la Autoridad Palestina o arriesgue su colapso\u00bb.<\/p>\n","protected":false},"excerpt":{"rendered":"Espa\u00f1a y otros 11 pa\u00edses han acordado este viernes la Coalici\u00f3n de Emergencia para la Sostenibilidad Financiera de&hellip;\n","protected":false},"author":2,"featured_media":141104,"comment_status":"","ping_status":"","sticky":false,"template":"","format":"standard","meta":{"footnotes":""},"categories":[42],"tags":[17,18,13,14,5965,11,61,62,63,64,19,20,9,10,15,16,5403,76,12,21,22,65,66,67],"class_list":{"0":"post-141103","1":"post","2":"type-post","3":"status-publish","4":"format-standard","5":"has-post-thumbnail","7":"category-internacional","8":"tag-breaking-news","9":"tag-breakingnews","10":"tag-featured-news","11":"tag-featurednews","12":"tag-gobierno-de-espau00f1a","13":"tag-headlines","14":"tag-internacional","15":"tag-international","16":"tag-international-news","17":"tag-internationalnews","18":"tag-latest-news","19":"tag-latestnews","20":"tag-news","21":"tag-noticias","22":"tag-noticias-destacadas","23":"tag-noticiasdestacadas","24":"tag-oriente-medio","25":"tag-palestina","26":"tag-titulares","27":"tag-ultimas-noticias","28":"tag-ultimasnoticias","29":"tag-world","30":"tag-world-news","31":"tag-worldnews"},"share_on_mastodon":{"url":"","error":""},"_links":{"self":[{"href":"https:\/\/www.europesays.com\/es\/wp-json\/wp\/v2\/posts\/141103","targetHints":{"allow":["GET"]}}],"collection":[{"href":"https:\/\/www.europesays.com\/es\/wp-json\/wp\/v2\/posts"}],"about":[{"href":"https:\/\/www.europesays.com\/es\/wp-json\/wp\/v2\/types\/post"}],"author":[{"embeddable":true,"href":"https:\/\/www.europesays.com\/es\/wp-json\/wp\/v2\/users\/2"}],"replies":[{"embeddable":true,"href":"https:\/\/www.europesays.com\/es\/wp-json\/wp\/v2\/comments?post=141103"}],"version-history":[{"count":0,"href":"https:\/\/www.europesays.com\/es\/wp-json\/wp\/v2\/posts\/141103\/revisions"}],"wp:featuredmedia":[{"embeddable":true,"href":"https:\/\/www.europesays.com\/es\/wp-json\/wp\/v2\/media\/141104"}],"wp:attachment":[{"href":"https:\/\/www.europesays.com\/es\/wp-json\/wp\/v2\/media?parent=141103"}],"wp:term":[{"taxonomy":"category","embeddable":true,"href":"https:\/\/www.europesays.com\/es\/wp-json\/wp\/v2\/categories?post=141103"},{"taxonomy":"post_tag","embeddable":true,"href":"https:\/\/www.europesays.com\/es\/wp-json\/wp\/v2\/tags?post=141103"}],"curies":[{"name":"wp","href":"https:\/\/api.w.org\/{rel}","templated":true}]}}