{"id":141117,"date":"2025-09-26T23:02:08","date_gmt":"2025-09-26T23:02:08","guid":{"rendered":"https:\/\/www.europesays.com\/es\/141117\/"},"modified":"2025-09-26T23:02:08","modified_gmt":"2025-09-26T23:02:08","slug":"la-anecdota-sobre-max-verstappen-con-porsche-antes-de-su-debut-en-gt3-este-fin-de-semana-no-es-normal","status":"publish","type":"post","link":"https:\/\/www.europesays.com\/es\/141117\/","title":{"rendered":"La an\u00e9cdota sobre Max Verstappen con Porsche antes de su debut en GT3 este fin de semana: \u201cNo es normal\u201d"},"content":{"rendered":"<p data-journey-content=\"true\" data-node-id=\"3\" class=\"css-6wxqfj emevuu60\"><strong data-node-id=\"3.0\">Max Verstappen<\/strong> est\u00e1 listo para firmar uno de los <strong data-node-id=\"3.2\">bombazos del \u2018motorsport\u2019<\/strong> en 2025. En una temporada en el Gran Circo, con opciones incluso de reengancharse a la lucha por el t\u00edtulo, lo l\u00f3gico ser\u00eda pensar solo en la F\u00f3rmula 1. Sin embargo, el tetracampe\u00f3n del mundo <strong data-node-id=\"3.4\">debutar\u00e1 en GT3 <\/strong>este fin de semana en <strong data-node-id=\"3.6\">N\u00fcrburgring Nordschleife<\/strong>, lo har\u00e1 conduciendo un <strong data-node-id=\"3.8\">Ferrari 296 GT3<\/strong>. Sin embargo, el piloto ya tiene bastante experiencia para este tipo de competici\u00f3n.<\/p>\n<p>La primera vez con Porsche no fue f\u00e1cil<\/p>\n<p data-journey-content=\"true\" data-node-id=\"7\" class=\"css-6wxqfj emevuu60\">Adaptarse a una nueva disciplina en el mundo del motor puede volverse realmente complejo. En unas declaraciones para \u2018RacingNews365\u2019, <strong data-node-id=\"7.1\">Wouter Boerekamps<\/strong> revela que al neerland\u00e9s se le complic\u00f3 la primera vuelta lejos de su monoplaza: \u201cCondujo una vez en Budapest. Creo que fue la <strong data-node-id=\"7.3\">primera vez con un 911 Cup<\/strong>. Y sin ABS. Entra a la pista y llega a la curva 1 con neum\u00e1ticos nuevos.<strong data-node-id=\"7.5\"> Frena y las cuatro ruedas se quedan atascadas.<\/strong> Totalmente desinflado\u201d.<\/p>\n<p data-journey-content=\"true\" data-node-id=\"9\" class=\"css-6wxqfj emevuu60\">Verstappen ha demostrado a lo largo de toda su carrera que es un apasionado de los deportes del motor en todas sus versiones. El piloto de la Porsche Supercup a\u00f1ade que reaccion\u00f3 muy r\u00e1pido ante su error: \u201cE<strong data-node-id=\"9.1\">st\u00e1 acostumbrado a pedalear 140 kilos<\/strong> con un coche de F\u00f3rmula 1. As\u00ed que pis\u00f3 el pedal demasiado fuerte. Nuestro ingeniero fue el punto de contacto. Entonces <strong data-node-id=\"9.3\">Max entr\u00f3 y pregunt\u00f3: \u2018\u00bfCon cu\u00e1nta fuerza tienes que pedalear?\u2019<\/strong>. El ingeniero indic\u00f3 60 o 65 bares. A lo que Verstappen pregunt\u00f3 si deb\u00eda ser 60 o 65\u201d.<\/p>\n<p><img draggable=\"true\" alt=\"max verstappen gt3 2025\" title=\"Max Verstappen GT3 2025\" loading=\"lazy\" width=\"3871\" height=\"2581\" decoding=\"async\" data-nimg=\"1\" style=\"color:transparent;width:100%;height:auto;\"   src=\"https:\/\/www.europesays.com\/es\/wp-content\/uploads\/2025\/09\/g1tdbomwsaajd8-68d6ae1abec45.jpg\" class=\"css-0 e1g79fud0\"\/><a target=\"_blank\" rel=\"noopener nofollow\" data-theme-key=\"base-link\" href=\"https:\/\/pinterest.com\/pin\/create\/button\/?url=https:\/\/www.caranddriver.com\/es\/formula-1\/a68077715\/anecdota-sobre-max-verstappen-porsche-antes-debut-gt3-este-fin-semana-no-es-normal\/&amp;description=&amp;media=https:\/\/hips.hearstapps.com\/hmg-prod\/images\/g1tdbomwsaajd8-68d6ae1abec45.jpg?resize=1600:*\" class=\"pinterest css-on9hn5 e1c1bym14\"><img decoding=\"async\" data-dynamic-svg=\"true\" src=\"https:\/\/www.caranddriver.com\/_assets\/design-tokens\/fre\/static\/icons\/social\/pinterest.e8cf655.svg?primary=%2523ffffff\" loading=\"lazy\" data-testid=\"dynamic-svg-base\" height=\"auto\" width=\"auto\" alt=\"pinterest\" class=\"css-4lml0h e1mlxuuw1\"\/><\/a><\/p>\n<p>@nuerburgring\/\/Twitter<\/p>\n<p data-journey-content=\"true\" data-node-id=\"14\" class=\"css-6wxqfj emevuu60\">El tetracampe\u00f3n del mundo ha demostrado en numerosas ocasiones con Red Bull su capacidad para entender el coche. Boerekamps detalla que la reacci\u00f3n del neerland\u00e9s <strong data-node-id=\"14.1\">les dej\u00f3 sin palabras:<\/strong> \u201cEl ingeniero termin\u00f3 diciendo 65. Luego le puso neum\u00e1ticos nuevos, sali\u00f3 y <strong data-node-id=\"14.3\">enseguida lleg\u00f3 a 64,8 o 64,9 bares<\/strong>, con toda la trazada de frenos recta. <strong data-node-id=\"14.5\">Eso no es normal, nadie lo hace<\/strong>. Excepto \u00e9l\u201d.<\/p>\n<p>El secreto de Verstappen est\u00e1 en los pedales<\/p>\n<p data-journey-content=\"true\" data-node-id=\"17\" class=\"css-6wxqfj emevuu60\">Cada piloto tiene algunos elementos que le permiten distinguirse del resto. Tras ver la r\u00e1pida evoluci\u00f3n del neerland\u00e9s en GT, su compatriota explica uno de sus puntos fuertes en su conducci\u00f3n: \u201cLa mayor parte de su direcci\u00f3n la realiza utilizando sus pedales. Y <strong data-node-id=\"17.1\">pr\u00e1cticamente no hace nada con el volante<\/strong>. Gira el volante y luego controla el coche con los pedales. Lo hace todo con los pedales\u201d.<\/p>\n<p>Contenidos relacionados<img src=\"https:\/\/www.europesays.com\/es\/wp-content\/uploads\/2025\/09\/1758927728_572_d3baca1e-d34f-44ac-842c-f2c50fb6b579_1737539442.file\" alt=\"Headshot of Alejandro Fern\u00e1ndez Montealegre\" title=\"Headshot of Alejandro Fern\u00e1ndez Montealegre\" width=\"100%\" height=\"100%\" decoding=\"async\" loading=\"lazy\" class=\"css-o0wq4v ev8dhu53\"\/><\/p>\n<p>Amante del mundo del motor en todas sus versiones, desde salir tranquilamente de ruta hasta escuchar a Lobato dej\u00e1ndose las cuerdas vocales en una vuelta importante de F1. Que mi abuelo fuera mec\u00e1nico seguramente influyera en que me llamara la atenci\u00f3n todo este mundo. \u00a0<\/p>\n","protected":false},"excerpt":{"rendered":"Max Verstappen est\u00e1 listo para firmar uno de los bombazos del \u2018motorsport\u2019 en 2025. En una temporada en&hellip;\n","protected":false},"author":2,"featured_media":141118,"comment_status":"","ping_status":"","sticky":false,"template":"","format":"standard","meta":{"footnotes":""},"categories":[270],"tags":[168,253,25,24,306,271,272,23,167],"class_list":{"0":"post-141117","1":"post","2":"type-post","3":"status-publish","4":"format-standard","5":"has-post-thumbnail","7":"category-formula-1","8":"tag-deportes","9":"tag-discover","10":"tag-es","11":"tag-espana","12":"tag-f1","13":"tag-formula-1","14":"tag-formula1","15":"tag-spain","16":"tag-sports"},"share_on_mastodon":{"url":"","error":""},"_links":{"self":[{"href":"https:\/\/www.europesays.com\/es\/wp-json\/wp\/v2\/posts\/141117","targetHints":{"allow":["GET"]}}],"collection":[{"href":"https:\/\/www.europesays.com\/es\/wp-json\/wp\/v2\/posts"}],"about":[{"href":"https:\/\/www.europesays.com\/es\/wp-json\/wp\/v2\/types\/post"}],"author":[{"embeddable":true,"href":"https:\/\/www.europesays.com\/es\/wp-json\/wp\/v2\/users\/2"}],"replies":[{"embeddable":true,"href":"https:\/\/www.europesays.com\/es\/wp-json\/wp\/v2\/comments?post=141117"}],"version-history":[{"count":0,"href":"https:\/\/www.europesays.com\/es\/wp-json\/wp\/v2\/posts\/141117\/revisions"}],"wp:featuredmedia":[{"embeddable":true,"href":"https:\/\/www.europesays.com\/es\/wp-json\/wp\/v2\/media\/141118"}],"wp:attachment":[{"href":"https:\/\/www.europesays.com\/es\/wp-json\/wp\/v2\/media?parent=141117"}],"wp:term":[{"taxonomy":"category","embeddable":true,"href":"https:\/\/www.europesays.com\/es\/wp-json\/wp\/v2\/categories?post=141117"},{"taxonomy":"post_tag","embeddable":true,"href":"https:\/\/www.europesays.com\/es\/wp-json\/wp\/v2\/tags?post=141117"}],"curies":[{"name":"wp","href":"https:\/\/api.w.org\/{rel}","templated":true}]}}