{"id":141131,"date":"2025-09-26T23:13:07","date_gmt":"2025-09-26T23:13:07","guid":{"rendered":"https:\/\/www.europesays.com\/es\/141131\/"},"modified":"2025-09-26T23:13:07","modified_gmt":"2025-09-26T23:13:07","slug":"al-altar-del-brazo-de-amina-un-catering-de-los-mas-prestigiosos-los-detalles-de-la-boda-de-cayetano-martinez-de-irujo-y-barbara-mirjan-el-mundo","status":"publish","type":"post","link":"https:\/\/www.europesays.com\/es\/141131\/","title":{"rendered":"Al altar del brazo de Amina, un catering de los m\u00e1s prestigiosos&#8230; Los detalles de la boda de Cayetano Mart\u00ednez de Irujo y B\u00e1rbara Mirjan &#8211; El Mundo"},"content":{"rendered":"<ol>\n<li><a href=\"https:\/\/news.google.com\/rss\/articles\/CBMigAFBVV95cUxNUWhiLWNfcklDeGNmREhCMC13ZDRNRkY3VlU1WkxZNWY1dk1ZTTlwb2luMC13TXlwZzM1M1locDhoM1pZZUlaMHpUTERTSHNrbXl6dG1hUUd6YjBGZElSb25QSVA4Sy1hRVpJOGZsQ3gxNElIV0NBc0Y1UUlMYWtuTtIBgAFBVV95cUxPQ2J5UEtNd2lpTElJaTBUd3FCRmpEY2xEUUVYdFJ4a1R1ZnkwMmNsNVo5YjVMbjZpb3oyUzZmeHpDQUdtRFpkQ3hob0xBVzBRRlBYT1ZDYlpQOEc0ZWphaW5INzFzVWpwZVF3ODlMVS1FVEVILUdGbmRwU3hfOXFsRQ?oc=5\" target=\"_blank\" rel=\"nofollow noopener\">Al altar del brazo de Amina, un catering de los m\u00e1s prestigiosos&#8230; Los detalles de la boda de Cayetano Mart\u00ednez de Irujo y B\u00e1rbara Mirjan<\/a>&nbsp;&nbsp;El Mundo<\/li>\n<li><a href=\"https:\/\/news.google.com\/rss\/articles\/CBMijAFBVV95cUxQT0Y5Qm4tVHBwbG4wVEc2WXVqWnJfODBaa0RUWHh6cjIxMFpuLTA2ZlhfTHlodVF2OUpjRXBHdG9hNWlFTnlMOUF3ZnhTdGpNX09WYk9jc0VKSmhpNVJUQVZzS1JxQlFQdkg5Z09ZbUt1XzNGZVlDUWlmak5Uem43VEF5YWVRYTFaLW5mTQ?oc=5\" target=\"_blank\" rel=\"nofollow noopener\">El Duque de Alba responde a la pregunta que muchos se hacen sobre la boda de su hermano Cayetano<\/a>&nbsp;&nbsp;HOLA<\/li>\n<li><a href=\"https:\/\/news.google.com\/rss\/articles\/CBMilAJBVV95cUxNaFFUUm00OUtTZ1BsTXdLQ2ZpNnhXbnlRd1R1alBISC0yZFl3MHJxUTdHdnVHZ3l6TklQWDF4WHVvNnkyaUxoblJJOG40dnE5anIyY1MxOTE1WVdWTGdlYU9RU1psT29sM2l3T21BNmV5Q1ZHdVplaDZMVVpaTnV0Tk9nRjgtbFZDcUI3dzFPSGhHV2R0ZHd2VUlXanB3TGFsekdXc051UEQ2Y1BSVXhnZFgzTWZxMTZXNVZwYlhCc1ZiZC0zM1BvTzlHWDNjXzNRQ21hUTdKdHZnT0VrU2Nxd2JFcE5HZjBjV1ZyUWpBSkJKbTZxT0xqU2U0dGsxNDJjSGdvTXFSWGRscWx6Q3RXVllPMnrSAf8BQVVfeXFMUEd2Z29MRkxtZnE4akp2bWtoYTJ1cTh1YkhDb3dhTHppQjFvcUpEc2w0MEtGOE1tcW9Oa01fQ0pSMm5oTEpRSUttOExjbHU0QkozeXdLTlVzd1FhOHJjZDRoeWY3NWFBMkNYc2h3OVEzUEtadDRXOGZpaktvSXBVaGItV1ZjRjlUbUtFeWhRUWNLZXZXMGdfQzFfdHZLdjFBblRCYjlYdlFaYXpqc3VucE5XaDFZSEVhdENpMkhuRnJPQ04zdktvSl9rVndCa3IzT0V2enRnck1kVHp5SUEtcDRzdWVWS3JTckRKakJFUWdyUm4yZmJrSi0yUDlJX1A4?oc=5\" target=\"_blank\" rel=\"nofollow noopener\">Primicia: La familia de la novia paga el banquete de la boda de Cayetano Mart\u00ednez de irujo y no habr\u00e1 exclusiva<\/a>&nbsp;&nbsp;El Economista<\/li>\n<li><a href=\"https:\/\/news.google.com\/rss\/articles\/CBMi_gFBVV95cUxPRjdhd05KTmFuT2I1elVEcHE4OWJDRU00clBkQlVURG5ldUpyOUZ3aVJFZ3NYMk9mV3JlVE5XVVFXWWd0M01aTjF1ZVRqQlloaHg0aDR0N2Nxc3BKTE1HZ0VIaF9ETVJRZEp6cVA2TElYRG90YXJiWWg0LTBlalFxWlNyaFpsSWdUZWJTRkhBak5vWkVWbEw3VzRfOHFyR0ppVUVQdTVVYllCNFdxRmM3Q0dqNHZ1d1ZFTkg3WDF5Qm1LR1dXZGxVNDZYd245Wmh3Y29UcF9WMmExVnlPaXZnZmFiZ3p2cEU1aXVqeTB2QVozZGZzUHpEWm1EeEVhUdIB_gFBVV95cUxQYTlJM3lQNTlocHpfTHJnR2NDSHAwLXBUUGg3QVN2cjUtZ21yY2Ezc3QzblVyRXNYWlFwQ1M1bERmaFlxUXRuZzNOTUs4UGVmT0w2TGU2TWJLQTE0RGRvOEw0a0N6TlAySUJjM3NrZE9TZXN3YlFIUUdqVVpQRTlNRF84bEJETnpPRGFuMHFqM3BRQWR4NGJGZVU3OENiR1I4ekU3QzdIMWl5blhfcGFNbnRHeDNpU2ZybllkUHdpOWVva2RFQk85QVN4MkROQnkxTXdIUTFZQVRoTkIyV3Q3Q0JoRV9UdHVQQUpDOUJlTDdSNDc5cVVKbUk3TGhfUQ?oc=5\" target=\"_blank\" rel=\"nofollow noopener\">Alfonso D\u00edez, viudo de la duquesa de Alba, confirma su asistencia a la boda de Cayetano Mart\u00ednez de Irujo<\/a>&nbsp;&nbsp;Antena 3<\/li>\n<li><a href=\"https:\/\/news.google.com\/rss\/articles\/CBMilgFBVV95cUxQY25MQm1ldS1rYTVWZ1ZVRklROTAySG5TTFF5djVsQVVnam0zMVN4aGdFa3o4THQ0OS1ERXFFUDczM2RiRVV4OWJVMjVldHRWUnFMZW9zR3J6X29hWDdwRUx3akZlYzlEbWJaQ2xMUnNhS0VXb1BGeWRjZ29aQ2ZobkhmZzg4Vm15cVptbnNMaW8yeG5ValHSAZsBQVVfeXFMUFd0VmdYVzh5Y2hJbGpqUjNkN2Y0Z1R1aEFFdjJnc2R4dlRPWVZmdkVkWGlVVW0zb3NITzRGbHNlSzFhM3lFWGl6Ym9NY2hEeVZDTFptWGotU1ZLVV9hWHhWbDk3ai1YcTM1X09kZlZ2cGI4M2E4d1dIbFhxM0FwWDFkYlBKZG00QUVOdm9yTi1ybGRISjJTbzMwYTg?oc=5\" target=\"_blank\" rel=\"nofollow noopener\">Entramos en Las Arroyuelas, la lujosa finca de Cayetano Mart\u00ednez de Irujo que es la envidia de Sevilla<\/a>&nbsp;&nbsp;The Objective<\/li>\n<\/ol>\n","protected":false},"excerpt":{"rendered":"Al altar del brazo de Amina, un catering de los m\u00e1s prestigiosos&#8230; Los detalles de la boda de&hellip;\n","protected":false},"author":2,"featured_media":141132,"comment_status":"","ping_status":"","sticky":false,"template":"","format":"standard","meta":{"footnotes":""},"categories":[91],"tags":[146,147,25,24,720,23],"class_list":{"0":"post-141131","1":"post","2":"type-post","3":"status-publish","4":"format-standard","5":"has-post-thumbnail","7":"category-entretenimiento","8":"tag-entertainment","9":"tag-entretenimiento","10":"tag-es","11":"tag-espana","12":"tag-loc-famosos","13":"tag-spain"},"share_on_mastodon":{"url":"","error":""},"_links":{"self":[{"href":"https:\/\/www.europesays.com\/es\/wp-json\/wp\/v2\/posts\/141131","targetHints":{"allow":["GET"]}}],"collection":[{"href":"https:\/\/www.europesays.com\/es\/wp-json\/wp\/v2\/posts"}],"about":[{"href":"https:\/\/www.europesays.com\/es\/wp-json\/wp\/v2\/types\/post"}],"author":[{"embeddable":true,"href":"https:\/\/www.europesays.com\/es\/wp-json\/wp\/v2\/users\/2"}],"replies":[{"embeddable":true,"href":"https:\/\/www.europesays.com\/es\/wp-json\/wp\/v2\/comments?post=141131"}],"version-history":[{"count":0,"href":"https:\/\/www.europesays.com\/es\/wp-json\/wp\/v2\/posts\/141131\/revisions"}],"wp:featuredmedia":[{"embeddable":true,"href":"https:\/\/www.europesays.com\/es\/wp-json\/wp\/v2\/media\/141132"}],"wp:attachment":[{"href":"https:\/\/www.europesays.com\/es\/wp-json\/wp\/v2\/media?parent=141131"}],"wp:term":[{"taxonomy":"category","embeddable":true,"href":"https:\/\/www.europesays.com\/es\/wp-json\/wp\/v2\/categories?post=141131"},{"taxonomy":"post_tag","embeddable":true,"href":"https:\/\/www.europesays.com\/es\/wp-json\/wp\/v2\/tags?post=141131"}],"curies":[{"name":"wp","href":"https:\/\/api.w.org\/{rel}","templated":true}]}}